{"id":1,"date":"2010-11-30T11:59:31","date_gmt":"2010-11-30T11:59:31","guid":{"rendered":"http:\/\/www.ge-filmt.de\/?p=1"},"modified":"2010-12-01T14:53:39","modified_gmt":"2010-12-01T14:53:39","slug":"hello-world","status":"publish","type":"post","link":"https:\/\/www.ge-filmt.de\/?p=1","title":{"rendered":"Reboot &#8211; Alles auf Anfang"},"content":{"rendered":"<div>\n<p>Willkommen auf der neuen Seite von ge.filmt. Es freut mich, dass ihr den Weg hierher gefunden habt. Nach fast einem Jahr Stillstand auf der alten Webseite und einem nicht mehr aktuellen Showreel wurde es nun Zeit f\u00fcr etwas Neues. Dabei hat heute ja fast jeder Zweite einen Blog und auch ich m\u00f6chte mich mit diesem Thema etwas auseinander setzen. Dar\u00fcber hinaus bietet mir der WordPress Blog alle M\u00f6glichkeiten, die ich brauche um euch die bewegten, aber auch unbewegten, Bilder zu pr\u00e4sentieren. In den vergangenen Monaten lernte ich, trotz vieler Bedenken, die Vorteile des Social Networks Facebook zu sch\u00e4tzen. Vor allem im Medienbereich konnte ich hier mit einer eingenen Fanpage neue Kontakte kn\u00fcpfen und alte Kontakte vertiefen.<\/p>\n[pullquote]Aller Anfang ist schwer.[\/pullquote] Diese neue Seite soll daher kein Ersatz f\u00fcr die Kommunikation \u00fcber die Sozialen Netzwerke sein, vielmehr m\u00f6chte ich mit dieser Seite eine kompakte Zusammenfassung meiner Arbeiten geben; so bietet die Rubrik Portfolio eine \u00dcbersicht vergangener Projekte, der Blog erm\u00f6glichst es Video- und Bildgest\u00fctzt \u00fcber neue Gadgets oder aktuelle Projekte zu berichten. Da aller Anfang schwer ist, hoffe ich, dass sich im Laufe der Zeit hier eine Basis an Videos und Berichten bildet, die immer wieder zu einem neuen Besuch auf der Seite einl\u00e4dt.<\/p>\n<h4>ge.filmt auch Unterwegs erleben<\/h4>\n<p>Bereits vor einigen Wochen entschied ich mich dazu einen Vimeo Plus Account zu erwerben. Einer der vielen Vorteile ist dabei, dass die Videos f\u00fcr mobile Ger\u00e4te gewandelt werden und somit unter anderem auf dem iPhone oder den iPad abspielbar sind. Diese Chance m\u00f6chte ich nat\u00fcrlich nutzen. So sind alle Videos auf dieser Seite auch Unterwegs abspielbar. Dabei reicht ist das Video direkt im Post anzuklicken.<\/p>\n<p>Ich freue mich darauf, mit dieser Seite eine neue Plattform nutzen zu k\u00f6nnen, die hoffentlich schon bald mehr als diesen Post zu bieten hat. Zum Beispiel Berichte zur Eye.Fi SD Karte im Zusammenspiel mit dem Ipad oder aber der Blick durch den Viewfinder auf das Display der Canon 550D.<\/p>\n<\/div>\n","protected":false},"excerpt":{"rendered":"<p>Willkommen auf der neuen Seite von ge.filmt. Es freut mich, dass ihr den Weg hierher gefunden habt. Nach fast einem Jahr Stillstand auf der alten Webseite und einem nicht mehr aktuellen Showreel wurde es nun Zeit f\u00fcr etwas Neues. Dabei hat heute ja fast jeder Zweite einen Blog und auch&#8230;<\/p>\n","protected":false},"author":1,"featured_media":41,"comment_status":"open","ping_status":"open","sticky":false,"template":"","format":"standard","meta":{"ngg_post_thumbnail":0,"jetpack_post_was_ever_published":false,"_jetpack_newsletter_access":"","_jetpack_dont_email_post_to_subs":false,"_jetpack_newsletter_tier_id":0,"_jetpack_memberships_contains_paywalled_content":false,"_jetpack_memberships_contains_paid_content":false,"footnotes":"","jetpack_publicize_message":"","jetpack_publicize_feature_enabled":true,"jetpack_social_post_already_shared":false,"jetpack_social_options":{"image_generator_settings":{"template":"highway","enabled":false},"version":2}},"categories":[4],"tags":[],"class_list":{"0":"post-1","1":"post","2":"type-post","3":"status-publish","4":"format-standard","5":"has-post-thumbnail","7":"category-neuigkeiten"},"jetpack_publicize_connections":[],"jetpack_featured_media_url":"https:\/\/www.ge-filmt.de\/wp-content\/uploads\/2010\/11\/bilder_startpost.png","jetpack_shortlink":"https:\/\/wp.me\/p1f4rQ-1","jetpack_sharing_enabled":true,"_links":{"self":[{"href":"https:\/\/www.ge-filmt.de\/index.php?rest_route=\/wp\/v2\/posts\/1","targetHints":{"allow":["GET"]}}],"collection":[{"href":"https:\/\/www.ge-filmt.de\/index.php?rest_route=\/wp\/v2\/posts"}],"about":[{"href":"https:\/\/www.ge-filmt.de\/index.php?rest_route=\/wp\/v2\/types\/post"}],"author":[{"embeddable":true,"href":"https:\/\/www.ge-filmt.de\/index.php?rest_route=\/wp\/v2\/users\/1"}],"replies":[{"embeddable":true,"href":"https:\/\/www.ge-filmt.de\/index.php?rest_route=%2Fwp%2Fv2%2Fcomments&post=1"}],"version-history":[{"count":2,"href":"https:\/\/www.ge-filmt.de\/index.php?rest_route=\/wp\/v2\/posts\/1\/revisions"}],"predecessor-version":[{"id":43,"href":"https:\/\/www.ge-filmt.de\/index.php?rest_route=\/wp\/v2\/posts\/1\/revisions\/43"}],"wp:featuredmedia":[{"embeddable":true,"href":"https:\/\/www.ge-filmt.de\/index.php?rest_route=\/wp\/v2\/media\/41"}],"wp:attachment":[{"href":"https:\/\/www.ge-filmt.de\/index.php?rest_route=%2Fwp%2Fv2%2Fmedia&parent=1"}],"wp:term":[{"taxonomy":"category","embeddable":true,"href":"https:\/\/www.ge-filmt.de\/index.php?rest_route=%2Fwp%2Fv2%2Fcategories&post=1"},{"taxonomy":"post_tag","embeddable":true,"href":"https:\/\/www.ge-filmt.de\/index.php?rest_route=%2Fwp%2Fv2%2Ftags&post=1"}],"curies":[{"name":"wp","href":"https:\/\/api.w.org\/{rel}","templated":true}]}}