{"id":1093,"date":"2011-11-30T10:14:22","date_gmt":"2011-11-30T10:14:22","guid":{"rendered":"http:\/\/www.ge-filmt.de\/?p=1093"},"modified":"2011-11-30T10:24:46","modified_gmt":"2011-11-30T10:24:46","slug":"auf-wiedersehen-urlaub-hallo-alltag-das-erste-projekt-nach-der-reise","status":"publish","type":"post","link":"https:\/\/www.ge-filmt.de\/?p=1093","title":{"rendered":"Auf Wiedersehen Urlaub &#8211; Hallo Alltag! Das erste Projekt nach der Reise"},"content":{"rendered":"<p>Die drei Wochen Auszeit in Florida gingen schneller rum als mir lieb ist. Die Eindr\u00fccke hallen aber bis heute nach und werden auch noch als bewegte Bilder hier auftauchen. Doch zuvor stand nach meiner R\u00fcckkehr ein reines Animationsprojekt an. F\u00fcr den Kunden Wemendo, ein Anbieter f\u00fcr ma\u00dfgeschneiderte Beschwerdemanagementsoftware im Automobilbereich, sollte ein Textbasierter Animationsclip entstehen, der den Besucher auf der Webseite abholt.<\/p>\n<p><a href=\"http:\/\/www.ge-filmt.de\/wp-content\/uploads\/2011\/11\/Bildschirmfoto-2011-11-30-um-11.11.51.png\" rel=\"prettyPhoto[gallery-fK1B]\"><img loading=\"lazy\" decoding=\"async\" class=\"alignleft size-thumbnail wp-image-1095\" title=\"Screengrap Wemendo Introclip\" src=\"http:\/\/www.ge-filmt.de\/wp-content\/uploads\/2011\/11\/Bildschirmfoto-2011-11-30-um-11.11.51-150x150.png\" alt=\"\" width=\"150\" height=\"150\" srcset=\"https:\/\/www.ge-filmt.de\/wp-content\/uploads\/2011\/11\/Bildschirmfoto-2011-11-30-um-11.11.51-150x150.png 150w, https:\/\/www.ge-filmt.de\/wp-content\/uploads\/2011\/11\/Bildschirmfoto-2011-11-30-um-11.11.51-300x300.png 300w\" sizes=\"auto, (max-width: 150px) 100vw, 150px\" \/><\/a><\/p>\n<h3>Poetry Slam Text als Basis<\/h3>\n<p>Ausgangspunkt war ein Poetry Slam Text, der auf die Bed\u00fcrfnisse von Wemendo geschnitten wurde, um dann im Clip eingesetzt werden zu k\u00f6nnen. Es sollte ein m\u00f6glichst klarer und seri\u00f6ser Look erzeugt werden, der zum Corporate Design passt. Bilder wurden hier mit Hilfe von passenden Stichw\u00f6rtern und Alphamasken eingebaut und unterst\u00fctzen das Gespr\u00e4ch zwischen Kunde und Autohaus im Clip.<\/p>\n<p>Das rund 60 Sekunden lange Video befindet sich mittlerweile auf der <a title=\"Wemendo Webseite\" href=\"http:\/\/www.wemendo.com\" target=\"_blank\">Hauptseite von Wemendo<\/a> und kann dort angesehen werden. An dieser Stelle m\u00f6chte ich mich nochmal f\u00fcr das Vertrauen und die tolle Zusammenarbeit bedanken.<\/p>\n","protected":false},"excerpt":{"rendered":"<p>Die drei Wochen Auszeit in Florida gingen schneller rum als mir lieb ist. Die Eindr\u00fccke hallen aber bis heute nach und werden auch noch als bewegte Bilder hier auftauchen. Doch zuvor stand nach meiner R\u00fcckkehr ein reines Animationsprojekt an. F\u00fcr den Kunden Wemendo, ein Anbieter f\u00fcr ma\u00dfgeschneiderte Beschwerdemanagementsoftware im Automobilbereich,&#8230;<\/p>\n","protected":false},"author":1,"featured_media":1094,"comment_status":"open","ping_status":"open","sticky":false,"template":"","format":"standard","meta":{"ngg_post_thumbnail":0,"jetpack_post_was_ever_published":false,"_jetpack_newsletter_access":"","_jetpack_dont_email_post_to_subs":false,"_jetpack_newsletter_tier_id":0,"_jetpack_memberships_contains_paywalled_content":false,"_jetpack_memberships_contains_paid_content":false,"footnotes":"","jetpack_publicize_message":"","jetpack_publicize_feature_enabled":true,"jetpack_social_post_already_shared":false,"jetpack_social_options":{"image_generator_settings":{"template":"highway","enabled":false},"version":2}},"categories":[5,4],"tags":[116,117,95,92],"class_list":{"0":"post-1093","1":"post","2":"type-post","3":"status-publish","4":"format-standard","5":"has-post-thumbnail","7":"category-bewegtes-bild","8":"category-neuigkeiten","9":"tag-after-effects","10":"tag-animation-2","11":"tag-film","12":"tag-work-2"},"jetpack_publicize_connections":[],"jetpack_featured_media_url":"https:\/\/www.ge-filmt.de\/wp-content\/uploads\/2011\/11\/Bildschirmfoto-2011-11-30-um-10.53.jpeg","jetpack_shortlink":"https:\/\/wp.me\/p1f4rQ-hD","jetpack_sharing_enabled":true,"_links":{"self":[{"href":"https:\/\/www.ge-filmt.de\/index.php?rest_route=\/wp\/v2\/posts\/1093","targetHints":{"allow":["GET"]}}],"collection":[{"href":"https:\/\/www.ge-filmt.de\/index.php?rest_route=\/wp\/v2\/posts"}],"about":[{"href":"https:\/\/www.ge-filmt.de\/index.php?rest_route=\/wp\/v2\/types\/post"}],"author":[{"embeddable":true,"href":"https:\/\/www.ge-filmt.de\/index.php?rest_route=\/wp\/v2\/users\/1"}],"replies":[{"embeddable":true,"href":"https:\/\/www.ge-filmt.de\/index.php?rest_route=%2Fwp%2Fv2%2Fcomments&post=1093"}],"version-history":[{"count":6,"href":"https:\/\/www.ge-filmt.de\/index.php?rest_route=\/wp\/v2\/posts\/1093\/revisions"}],"predecessor-version":[{"id":1098,"href":"https:\/\/www.ge-filmt.de\/index.php?rest_route=\/wp\/v2\/posts\/1093\/revisions\/1098"}],"wp:featuredmedia":[{"embeddable":true,"href":"https:\/\/www.ge-filmt.de\/index.php?rest_route=\/wp\/v2\/media\/1094"}],"wp:attachment":[{"href":"https:\/\/www.ge-filmt.de\/index.php?rest_route=%2Fwp%2Fv2%2Fmedia&parent=1093"}],"wp:term":[{"taxonomy":"category","embeddable":true,"href":"https:\/\/www.ge-filmt.de\/index.php?rest_route=%2Fwp%2Fv2%2Fcategories&post=1093"},{"taxonomy":"post_tag","embeddable":true,"href":"https:\/\/www.ge-filmt.de\/index.php?rest_route=%2Fwp%2Fv2%2Ftags&post=1093"}],"curies":[{"name":"wp","href":"https:\/\/api.w.org\/{rel}","templated":true}]}}