{"id":1129,"date":"2012-01-10T14:05:30","date_gmt":"2012-01-10T14:05:30","guid":{"rendered":"http:\/\/www.ge-filmt.de\/?p=1129"},"modified":"2012-01-10T14:18:06","modified_gmt":"2012-01-10T14:18:06","slug":"die-neue-stellt-sich-vor-sony-nex-5n","status":"publish","type":"post","link":"https:\/\/www.ge-filmt.de\/?p=1129","title":{"rendered":"Die Neue stellt sich vor &#8211; Sony NEX 5N"},"content":{"rendered":"<p>Seit der Vorweihnachtszeit befindet sich die Sony NEX 5N in meinem Equipmentkoffer und ich wurde in der Zwischenzeit schon oft gefragt wie sich die Kamera denn schl\u00e4gt und wieso ich mich f\u00fcr dieses System entschieden habe. Dieser Post soll kein Review im engeren Sinne werden, davon gibt es im Netz mittlerweile mehr als genug. Ich m\u00f6chte hier meine Erfahrungen nach knapp vier Wochen mit der Sony kurz niederschreiben.<\/p>\n<h3>Warum die Sony NEX 5N?<\/h3>\n<p>Die Sony NEX 5N wurde im August 2011 vorgestellt und schon kurze Zeit darauf fanden sich viele kurze Videos, die mit der Kleinen entstanden sind, im Netz. Philip Bloom schrieb im September den ersten <a href=\"http:\/\/philipbloom.net\/2011\/09\/19\/sonynex5n\/\" target=\"_blank\">ausf\u00fchrlicheren Artikel<\/a> zur Sony und neben vielen Worten des Lobes war selbstverst\u00e4ndlich auch etwas Kritik angebracht. W\u00e4hrend meines Urlaubes reifte dann der Gedanke sich diese kleine Kamera zuzulegen. Ich hatte hier stets die EOS samt Batteriegriff bei mir und es ist wohl keine L\u00fcge, wenn man behauptet, dass aktuelle DSLRs alles sind, aber nicht reisetauglich. Also war der erste Ansatz etwas Kleines zu finden, dass sich aber nicht hinter der EOS verstecken muss &#8211; vor allem wenn es um Videoaufnahmen geht. In der Sony NEX 5N befindet sich ein aktueller 23.4 x 15.6 mm gro\u00dfer Exmor APS HD CMOS Sensor mit einem Crop von 1.5. Im Vergleich zu den Ma\u00dfen der EOS (22.3 x 14.9 mm) ist er also sogar leicht gr\u00f6\u00dfer. Dies sorgt daf\u00fcr, dass sich die Aufnahmen aus der Sony auf keinen Fall hinter denen der kleinen EOS 550D verstecken m\u00fcssen. Folgendes Bild entstand mit der Sony in Verbindung mit dem Sigma 50 mm 2.8 Macro. Moment?<\/p>\n<p><img loading=\"lazy\" decoding=\"async\" class=\"alignleft size-thumbnail wp-image-1130\" title=\"Sony NEX 5N mit Sigma 50 mm Macro 2.8\" src=\"http:\/\/www.ge-filmt.de\/wp-content\/uploads\/2012\/01\/DSC00822-150x150.jpg\" alt=\"\" width=\"150\" height=\"150\" srcset=\"https:\/\/www.ge-filmt.de\/wp-content\/uploads\/2012\/01\/DSC00822-150x150.jpg 150w, https:\/\/www.ge-filmt.de\/wp-content\/uploads\/2012\/01\/DSC00822-300x300.jpg 300w\" sizes=\"auto, (max-width: 150px) 100vw, 150px\" \/><\/p>\n<p>&nbsp;<\/p>\n<p>&nbsp;<\/p>\n<p>&nbsp;<\/p>\n<p>&nbsp;<\/p>\n<p>&nbsp;<\/p>\n<p>Eine EF Linse? Ein weiteres Merkmal der Sony, dass ich auf der positiven Seite verbuchen konnte: Der Adaptermarkt ist mittlerweile riesig und aktuelle EF Linsen k\u00f6nnen ohne weiteres auf die Sony adaptiert werden. Das Manko der manuellen Focussierung war f\u00fcr mich nicht relevant. Ebensowenig, dass man nur umst\u00e4ndlich die Blende \u00fcber die EOS vorw\u00e4hlen kann, da ansonsten stets bei offener Blende fotografiert oder gefilmt werden muss, stellt f\u00fcr mich kein wirkliches Hindernis dar.<\/p>\n<p>Da ich bereits einige manuelle Linsen besitze, war es mir auch wichtig diese adaptieren zu k\u00f6nnen. M42 und FD funktioniert prima und die Linsen sorgen f\u00fcr ihren eigenen Charme. Im Gegensatz zur EOS besitzt die Sony ab Werk einen Focus Peak, also ein Anzeigen des Sch\u00e4rfebereichs im Display. Das manuelle Fokussierung macht viel Spa\u00df und funktioniert ohne weitere Probleme. Zusammenfassend f\u00fchrte also der kompakte Formfaktor (ohne Linse) in Verbindung mit der Abbildungsleistung zum Kauf der Sony NEX.<\/p>\n<h3>Der Record Button<\/h3>\n<p>Vorrangig wird hier jedoch gefilmt und so war nat\u00fcrlich auch der Filmmodus der Kamera f\u00fcr mich entscheidend. Die Sony kann 1920x1080p bei 50 Vollbildern \/ Sekunde aufzeichnen. Die Ideale Vorraussetzung f\u00fcr weiche Slow Motion Aufnahmen. Als Format kommt hier der neue AVCHD 2.0 Standard zum Einsatz. Die Bitrate liegt unter der des h264 Materials aus der Canon, muss sich aber im Alltag kein St\u00fcckchen hinter der EOS verstecken. Der Sensor sorgt zudem f\u00fcr ein sehr rauscharmes Bild, auch bei ISO 1600. Die Lowlight Eigenschaften lassen sich sehr gut in diesem Video von Steve Huff nachvollziehen. <a href=\"http:\/\/www.youtube.com\/watch?feature=player_embedded&amp;v=A4R3B8CinYA\" target=\"_blank\">Sony NEX 5N Lowlight Video<\/a>.<\/p>\n<p>Das Material aus der Sony l\u00e4sst sich sehr gut mit Footage aus der EOS im Schnitt mischen. Ich selber habe in den ersten vier Wochen 2 Clips erstellt, die rein mit der Sony gefilmt wurden. Das Ergebnis hat mich mehr als verbl\u00fcfft. Aber schaut selbst.<\/p>\n<p><iframe loading=\"lazy\" src=\"http:\/\/player.vimeo.com\/video\/34571838?title=0&amp;byline=0&amp;portrait=0&amp;color=c2c2c2\" frameborder=\"0\" width=\"425\" height=\"239\"><\/iframe><\/p>\n<p><iframe loading=\"lazy\" src=\"http:\/\/player.vimeo.com\/video\/34375467?title=0&amp;byline=0&amp;portrait=0&amp;color=c2c2c2\" frameborder=\"0\" width=\"425\" height=\"239\"><\/iframe><\/p>\n<p>Nach einem Monat mit der Sony ist die Begeisterung weiterhin gro\u00df. Manuelle Linsen sind eine Freude an der kleinen Kamera und es macht Spa\u00df sie einzusetzen. Sicher werden in den kommenden Woche weitere Filme und Clips aus der kleinen Kamera folgen. Zum Abschluss noch einige Impressionen der Sony NEX 5N.<\/p>\n\n\t\t<style type=\"text\/css\">\n\t\t\t#gallery-1 {\n\t\t\t\tmargin: auto;\n\t\t\t}\n\t\t\t#gallery-1 .gallery-item {\n\t\t\t\tfloat: left;\n\t\t\t\tmargin-top: 10px;\n\t\t\t\ttext-align: center;\n\t\t\t\twidth: 33%;\n\t\t\t}\n\t\t\t#gallery-1 img {\n\t\t\t\tborder: 2px solid #cfcfcf;\n\t\t\t}\n\t\t\t#gallery-1 .gallery-caption {\n\t\t\t\tmargin-left: 0;\n\t\t\t}\n\t\t\t\/* see gallery_shortcode() in wp-includes\/media.php *\/\n\t\t<\/style>\n\t\t<div id='gallery-1' class='gallery galleryid-1129 gallery-columns-3 gallery-size-thumbnail'><dl class='gallery-item'>\n\t\t\t<dt class='gallery-icon portrait'>\n\t\t\t\t<a href='https:\/\/www.ge-filmt.de\/wp-content\/uploads\/2012\/01\/IMG_9944.jpg'><img loading=\"lazy\" decoding=\"async\" width=\"150\" height=\"150\" src=\"https:\/\/www.ge-filmt.de\/wp-content\/uploads\/2012\/01\/IMG_9944-150x150.jpg\" class=\"attachment-thumbnail size-thumbnail\" alt=\"\" srcset=\"https:\/\/www.ge-filmt.de\/wp-content\/uploads\/2012\/01\/IMG_9944-150x150.jpg 150w, https:\/\/www.ge-filmt.de\/wp-content\/uploads\/2012\/01\/IMG_9944-300x300.jpg 300w\" sizes=\"auto, (max-width: 150px) 100vw, 150px\" \/><\/a>\n\t\t\t<\/dt><\/dl><dl class='gallery-item'>\n\t\t\t<dt class='gallery-icon landscape'>\n\t\t\t\t<a href='https:\/\/www.ge-filmt.de\/wp-content\/uploads\/2012\/01\/IMG_9939.jpg'><img loading=\"lazy\" decoding=\"async\" width=\"150\" height=\"150\" src=\"https:\/\/www.ge-filmt.de\/wp-content\/uploads\/2012\/01\/IMG_9939-150x150.jpg\" class=\"attachment-thumbnail size-thumbnail\" alt=\"\" srcset=\"https:\/\/www.ge-filmt.de\/wp-content\/uploads\/2012\/01\/IMG_9939-150x150.jpg 150w, https:\/\/www.ge-filmt.de\/wp-content\/uploads\/2012\/01\/IMG_9939-300x300.jpg 300w\" sizes=\"auto, (max-width: 150px) 100vw, 150px\" \/><\/a>\n\t\t\t<\/dt><\/dl><dl class='gallery-item'>\n\t\t\t<dt class='gallery-icon landscape'>\n\t\t\t\t<a href='https:\/\/www.ge-filmt.de\/wp-content\/uploads\/2012\/01\/IMG_9936.jpg'><img loading=\"lazy\" decoding=\"async\" width=\"150\" height=\"150\" src=\"https:\/\/www.ge-filmt.de\/wp-content\/uploads\/2012\/01\/IMG_9936-150x150.jpg\" class=\"attachment-thumbnail size-thumbnail\" alt=\"\" srcset=\"https:\/\/www.ge-filmt.de\/wp-content\/uploads\/2012\/01\/IMG_9936-150x150.jpg 150w, https:\/\/www.ge-filmt.de\/wp-content\/uploads\/2012\/01\/IMG_9936-300x300.jpg 300w\" sizes=\"auto, (max-width: 150px) 100vw, 150px\" \/><\/a>\n\t\t\t<\/dt><\/dl><br style=\"clear: both\" \/><dl class='gallery-item'>\n\t\t\t<dt class='gallery-icon landscape'>\n\t\t\t\t<a href='https:\/\/www.ge-filmt.de\/wp-content\/uploads\/2012\/01\/IMG_9934.jpg'><img loading=\"lazy\" decoding=\"async\" width=\"150\" height=\"150\" src=\"https:\/\/www.ge-filmt.de\/wp-content\/uploads\/2012\/01\/IMG_9934-150x150.jpg\" class=\"attachment-thumbnail size-thumbnail\" alt=\"\" srcset=\"https:\/\/www.ge-filmt.de\/wp-content\/uploads\/2012\/01\/IMG_9934-150x150.jpg 150w, https:\/\/www.ge-filmt.de\/wp-content\/uploads\/2012\/01\/IMG_9934-300x300.jpg 300w\" sizes=\"auto, (max-width: 150px) 100vw, 150px\" \/><\/a>\n\t\t\t<\/dt><\/dl><dl class='gallery-item'>\n\t\t\t<dt class='gallery-icon landscape'>\n\t\t\t\t<a href='https:\/\/www.ge-filmt.de\/wp-content\/uploads\/2012\/01\/IMG_9932.jpg'><img loading=\"lazy\" decoding=\"async\" width=\"150\" height=\"150\" src=\"https:\/\/www.ge-filmt.de\/wp-content\/uploads\/2012\/01\/IMG_9932-150x150.jpg\" class=\"attachment-thumbnail size-thumbnail\" alt=\"Die neue im Bunde - Sony NEX 5N\" aria-describedby=\"gallery-1-1146\" srcset=\"https:\/\/www.ge-filmt.de\/wp-content\/uploads\/2012\/01\/IMG_9932-150x150.jpg 150w, https:\/\/www.ge-filmt.de\/wp-content\/uploads\/2012\/01\/IMG_9932-300x300.jpg 300w\" sizes=\"auto, (max-width: 150px) 100vw, 150px\" \/><\/a>\n\t\t\t<\/dt>\n\t\t\t\t<dd class='wp-caption-text gallery-caption' id='gallery-1-1146'>\n\t\t\t\tDie Neue stellt sich vor.\n\t\t\t\t<\/dd><\/dl><dl class='gallery-item'>\n\t\t\t<dt class='gallery-icon landscape'>\n\t\t\t\t<a href='https:\/\/www.ge-filmt.de\/wp-content\/uploads\/2012\/01\/DSC00822-scaled.jpg'><img loading=\"lazy\" decoding=\"async\" width=\"150\" height=\"150\" src=\"https:\/\/www.ge-filmt.de\/wp-content\/uploads\/2012\/01\/DSC00822-150x150.jpg\" class=\"attachment-thumbnail size-thumbnail\" alt=\"\" srcset=\"https:\/\/www.ge-filmt.de\/wp-content\/uploads\/2012\/01\/DSC00822-150x150.jpg 150w, https:\/\/www.ge-filmt.de\/wp-content\/uploads\/2012\/01\/DSC00822-300x300.jpg 300w\" sizes=\"auto, (max-width: 150px) 100vw, 150px\" \/><\/a>\n\t\t\t<\/dt><\/dl><br style=\"clear: both\" \/>\n\t\t<\/div>\n\n","protected":false},"excerpt":{"rendered":"<p>Seit der Vorweihnachtszeit befindet sich die Sony NEX 5N in meinem Equipmentkoffer und ich wurde in der Zwischenzeit schon oft gefragt wie sich die Kamera denn schl\u00e4gt und wieso ich mich f\u00fcr dieses System entschieden habe. Dieser Post soll kein Review im engeren Sinne werden, davon gibt es im Netz&#8230;<\/p>\n","protected":false},"author":1,"featured_media":1146,"comment_status":"open","ping_status":"open","sticky":false,"template":"","format":"standard","meta":{"ngg_post_thumbnail":0,"jetpack_post_was_ever_published":false,"_jetpack_newsletter_access":"","_jetpack_dont_email_post_to_subs":false,"_jetpack_newsletter_tier_id":0,"_jetpack_memberships_contains_paywalled_content":false,"_jetpack_memberships_contains_paid_content":false,"footnotes":"","jetpack_publicize_message":"","jetpack_publicize_feature_enabled":true,"jetpack_social_post_already_shared":false,"jetpack_social_options":{"image_generator_settings":{"template":"highway","enabled":false},"version":2}},"categories":[5,1,4],"tags":[120,242,84,121,83,119,118],"class_list":{"0":"post-1129","1":"post","2":"type-post","3":"status-publish","4":"format-standard","5":"has-post-thumbnail","7":"category-bewegtes-bild","8":"category-uncategorized","9":"category-neuigkeiten","10":"tag-5n","11":"tag-video","12":"tag-equipment","13":"tag-footage","14":"tag-hd","15":"tag-nex","16":"tag-sony"},"jetpack_publicize_connections":[],"jetpack_featured_media_url":"https:\/\/www.ge-filmt.de\/wp-content\/uploads\/2012\/01\/IMG_9932.jpg","jetpack_shortlink":"https:\/\/wp.me\/p1f4rQ-id","jetpack_sharing_enabled":true,"_links":{"self":[{"href":"https:\/\/www.ge-filmt.de\/index.php?rest_route=\/wp\/v2\/posts\/1129","targetHints":{"allow":["GET"]}}],"collection":[{"href":"https:\/\/www.ge-filmt.de\/index.php?rest_route=\/wp\/v2\/posts"}],"about":[{"href":"https:\/\/www.ge-filmt.de\/index.php?rest_route=\/wp\/v2\/types\/post"}],"author":[{"embeddable":true,"href":"https:\/\/www.ge-filmt.de\/index.php?rest_route=\/wp\/v2\/users\/1"}],"replies":[{"embeddable":true,"href":"https:\/\/www.ge-filmt.de\/index.php?rest_route=%2Fwp%2Fv2%2Fcomments&post=1129"}],"version-history":[{"count":22,"href":"https:\/\/www.ge-filmt.de\/index.php?rest_route=\/wp\/v2\/posts\/1129\/revisions"}],"predecessor-version":[{"id":1154,"href":"https:\/\/www.ge-filmt.de\/index.php?rest_route=\/wp\/v2\/posts\/1129\/revisions\/1154"}],"wp:featuredmedia":[{"embeddable":true,"href":"https:\/\/www.ge-filmt.de\/index.php?rest_route=\/wp\/v2\/media\/1146"}],"wp:attachment":[{"href":"https:\/\/www.ge-filmt.de\/index.php?rest_route=%2Fwp%2Fv2%2Fmedia&parent=1129"}],"wp:term":[{"taxonomy":"category","embeddable":true,"href":"https:\/\/www.ge-filmt.de\/index.php?rest_route=%2Fwp%2Fv2%2Fcategories&post=1129"},{"taxonomy":"post_tag","embeddable":true,"href":"https:\/\/www.ge-filmt.de\/index.php?rest_route=%2Fwp%2Fv2%2Ftags&post=1129"}],"curies":[{"name":"wp","href":"https:\/\/api.w.org\/{rel}","templated":true}]}}