{"id":1172,"date":"2012-02-17T16:10:38","date_gmt":"2012-02-17T16:10:38","guid":{"rendered":"http:\/\/www.ge-filmt.de\/?p=1172"},"modified":"2012-02-17T16:15:32","modified_gmt":"2012-02-17T16:15:33","slug":"kinospot-ein-dreh-fuer-die-nummer-gegen-kummer","status":"publish","type":"post","link":"https:\/\/www.ge-filmt.de\/?p=1172","title":{"rendered":"Kinospot &#8211; Ein Dreh fuer die Nummer gegen Kummer"},"content":{"rendered":"<p>In den letzten zwei Tagen wurde f\u00fcr die <a href=\"http:\/\/www.nummergegenkummer.de\" target=\"_blank\">Nummer gegen Kummer<\/a>\u00a0gedreht. Gefilmt wurde im Gro\u00dfraum K\u00f6ln\/Bonn. Neben inszenierten Szenen war der gr\u00f6\u00dfte Teil des Drehs &#8222;dokumentarisch&#8220; angelegt. Pr\u00e4sentiert wird der Clip im Kino, wo und wann steht aktuell noch nicht fest. Sobald es die Infos dazu gibt, werde ich sie nachreichen.<\/p>\n<p>An dieser Stelle auch noch einen Dank an das gesamte Team, dass in den 2 Tagen wirklich sehr gut zusammengearbeitet hat.<\/p>\n<p>&nbsp;<\/p>\n<div class=\"mceTemp\">\n<dl id=\"attachment_1176\" class=\"wp-caption alignleft\" style=\"width: 160px;\">\n<dt class=\"wp-caption-dt\"><a href=\"http:\/\/www.ge-filmt.de\/wp-content\/uploads\/2012\/02\/karton_spot.jpg\" rel=\"prettyPhoto[gallery-Aemk]\"><img loading=\"lazy\" decoding=\"async\" class=\"size-thumbnail wp-image-1176\" title=\"Spot f\u00fcr die Nummer gegen Kummer\" src=\"http:\/\/www.ge-filmt.de\/wp-content\/uploads\/2012\/02\/karton_spot-150x150.jpg\" alt=\"\" width=\"150\" height=\"150\" srcset=\"https:\/\/www.ge-filmt.de\/wp-content\/uploads\/2012\/02\/karton_spot-150x150.jpg 150w, https:\/\/www.ge-filmt.de\/wp-content\/uploads\/2012\/02\/karton_spot-300x300.jpg 300w\" sizes=\"auto, (max-width: 150px) 100vw, 150px\" \/><\/a><\/dt>\n<\/dl>\n<\/div>\n<p>&nbsp;<\/p>\n<p>&nbsp;<\/p>\n<p>&nbsp;<\/p>\n<p>&nbsp;<\/p>\n<p>&nbsp;<\/p>\n<p>&nbsp;<\/p>\n<p>Die beiden Bilder zeigen erste Eindr\u00fccke aus dem Spot.<\/p>\n<p style=\"text-align: center;\"><span class=\"Apple-style-span\" style=\"font-size: 11px; line-height: 17px;\"><br \/>\n<\/span><\/p>\n","protected":false},"excerpt":{"rendered":"<p>In den letzten zwei Tagen wurde f\u00fcr die Nummer gegen Kummer\u00a0gedreht. Gefilmt wurde im Gro\u00dfraum K\u00f6ln\/Bonn. Neben inszenierten Szenen war der gr\u00f6\u00dfte Teil des Drehs &#8222;dokumentarisch&#8220; angelegt. Pr\u00e4sentiert wird der Clip im Kino, wo und wann steht aktuell noch nicht fest. Sobald es die Infos dazu gibt, werde ich sie&#8230;<\/p>\n","protected":false},"author":1,"featured_media":1173,"comment_status":"open","ping_status":"open","sticky":false,"template":"","format":"standard","meta":{"ngg_post_thumbnail":0,"jetpack_post_was_ever_published":false,"_jetpack_newsletter_access":"","_jetpack_dont_email_post_to_subs":false,"_jetpack_newsletter_tier_id":0,"_jetpack_memberships_contains_paywalled_content":false,"_jetpack_memberships_contains_paid_content":false,"footnotes":"","jetpack_publicize_message":"","jetpack_publicize_feature_enabled":true,"jetpack_social_post_already_shared":false,"jetpack_social_options":{"image_generator_settings":{"template":"highway","enabled":false},"version":2}},"categories":[5,4,6],"tags":[80,78,84,95,83,79,81,90,105,92],"class_list":{"0":"post-1172","1":"post","2":"type-post","3":"status-publish","4":"format-standard","5":"has-post-thumbnail","7":"category-bewegtes-bild","8":"category-neuigkeiten","9":"category-standbild","10":"tag-550d","11":"tag-canon","12":"tag-equipment","13":"tag-film","14":"tag-hd","15":"tag-hdslr","16":"tag-magic-lantern","17":"tag-thank-you","18":"tag-werbung","19":"tag-work-2"},"jetpack_publicize_connections":[],"jetpack_featured_media_url":"https:\/\/www.ge-filmt.de\/wp-content\/uploads\/2012\/02\/Karton_Face.png","jetpack_shortlink":"https:\/\/wp.me\/p1f4rQ-iU","jetpack_sharing_enabled":true,"_links":{"self":[{"href":"https:\/\/www.ge-filmt.de\/index.php?rest_route=\/wp\/v2\/posts\/1172","targetHints":{"allow":["GET"]}}],"collection":[{"href":"https:\/\/www.ge-filmt.de\/index.php?rest_route=\/wp\/v2\/posts"}],"about":[{"href":"https:\/\/www.ge-filmt.de\/index.php?rest_route=\/wp\/v2\/types\/post"}],"author":[{"embeddable":true,"href":"https:\/\/www.ge-filmt.de\/index.php?rest_route=\/wp\/v2\/users\/1"}],"replies":[{"embeddable":true,"href":"https:\/\/www.ge-filmt.de\/index.php?rest_route=%2Fwp%2Fv2%2Fcomments&post=1172"}],"version-history":[{"count":10,"href":"https:\/\/www.ge-filmt.de\/index.php?rest_route=\/wp\/v2\/posts\/1172\/revisions"}],"predecessor-version":[{"id":1186,"href":"https:\/\/www.ge-filmt.de\/index.php?rest_route=\/wp\/v2\/posts\/1172\/revisions\/1186"}],"wp:featuredmedia":[{"embeddable":true,"href":"https:\/\/www.ge-filmt.de\/index.php?rest_route=\/wp\/v2\/media\/1173"}],"wp:attachment":[{"href":"https:\/\/www.ge-filmt.de\/index.php?rest_route=%2Fwp%2Fv2%2Fmedia&parent=1172"}],"wp:term":[{"taxonomy":"category","embeddable":true,"href":"https:\/\/www.ge-filmt.de\/index.php?rest_route=%2Fwp%2Fv2%2Fcategories&post=1172"},{"taxonomy":"post_tag","embeddable":true,"href":"https:\/\/www.ge-filmt.de\/index.php?rest_route=%2Fwp%2Fv2%2Ftags&post=1172"}],"curies":[{"name":"wp","href":"https:\/\/api.w.org\/{rel}","templated":true}]}}