{"id":1250,"date":"2012-04-12T17:56:15","date_gmt":"2012-04-12T17:56:15","guid":{"rendered":"http:\/\/www.ge-filmt.de\/?p=1250"},"modified":"2012-04-12T17:56:15","modified_gmt":"2012-04-12T17:56:15","slug":"jeep-videodreh-mit-marcel","status":"publish","type":"post","link":"https:\/\/www.ge-filmt.de\/?p=1250","title":{"rendered":"JEEP &#8211; Videodreh mit Marcel"},"content":{"rendered":"<p>Als uns vor gar nicht allzu langer Zeit die ersten Sonnenstrahlen begr\u00fc\u00dften, entschlossen sich Marcel und ich zu einem kleinen spontanen Shooting. Das Motiv? Sein Jeep Grand Cherokee SRT8. Ausger\u00fcstet mit dem elektronischen <a href=\"http:\/\/www.ge-filmt.de\/?p=1187\" target=\"_blank\">Pocketslider<\/a>, einigen Linsen, der EOS und der NEX suchten wir uns also eine feine Location und wurden im S\u00fcden der Stadt schnell f\u00fcndig. Ungest\u00f6rt konnten wir mehrere Sliderfahrten aufnehmen. Ein Foto vom Tag findet ihr direkt bei Marcel auf der Seite: <a href=\"http:\/\/fotos.kussin.net\/fotoblog\/jeep-grand-cherokee-srt-8-bewegte-bilder\/\">Fotos.Kussin<\/a> Auch sonst lohnt sich ein Besuch auf seinem Blog.<\/p>\n<p>Konkret kam das Sigma 30 mm f1.4 mit Lightcraft Works ND Fader und das Tokina 11-16 mm zum Einsatz. Dank Magic Lantern auf der EOS 550D konnten wir das Histogramm einblenden und Focus Assist nutzen. Da die Sonne schon sehr tief stand, wurde uns das Fokussieren so vereinfacht.<\/p>\n<p>Die nachfolgenden Bilder zeigen einen kleinen Eindruck vom Tag.<\/p>\n<p>&nbsp;<\/p>\n\n\t\t<style type=\"text\/css\">\n\t\t\t#gallery-1 {\n\t\t\t\tmargin: auto;\n\t\t\t}\n\t\t\t#gallery-1 .gallery-item {\n\t\t\t\tfloat: left;\n\t\t\t\tmargin-top: 10px;\n\t\t\t\ttext-align: center;\n\t\t\t\twidth: 33%;\n\t\t\t}\n\t\t\t#gallery-1 img {\n\t\t\t\tborder: 2px solid #cfcfcf;\n\t\t\t}\n\t\t\t#gallery-1 .gallery-caption {\n\t\t\t\tmargin-left: 0;\n\t\t\t}\n\t\t\t\/* see gallery_shortcode() in wp-includes\/media.php *\/\n\t\t<\/style>\n\t\t<div id='gallery-1' class='gallery galleryid-1250 gallery-columns-3 gallery-size-thumbnail'><dl class='gallery-item'>\n\t\t\t<dt class='gallery-icon landscape'>\n\t\t\t\t<a href='https:\/\/www.ge-filmt.de\/wp-content\/uploads\/2012\/04\/jeep_aspect_cc.png'><img loading=\"lazy\" decoding=\"async\" width=\"150\" height=\"150\" src=\"https:\/\/www.ge-filmt.de\/wp-content\/uploads\/2012\/04\/jeep_aspect_cc-150x150.png\" class=\"attachment-thumbnail size-thumbnail\" alt=\"\" aria-describedby=\"gallery-1-1254\" srcset=\"https:\/\/www.ge-filmt.de\/wp-content\/uploads\/2012\/04\/jeep_aspect_cc-150x150.png 150w, https:\/\/www.ge-filmt.de\/wp-content\/uploads\/2012\/04\/jeep_aspect_cc-300x300.png 300w\" sizes=\"auto, (max-width: 150px) 100vw, 150px\" \/><\/a>\n\t\t\t<\/dt>\n\t\t\t\t<dd class='wp-caption-text gallery-caption' id='gallery-1-1254'>\n\t\t\t\tMarcels Jeep im Portrairt\n\t\t\t\t<\/dd><\/dl><dl class='gallery-item'>\n\t\t\t<dt class='gallery-icon landscape'>\n\t\t\t\t<a href='https:\/\/www.ge-filmt.de\/wp-content\/uploads\/2012\/04\/IMG_1322-scaled.jpg'><img loading=\"lazy\" decoding=\"async\" width=\"150\" height=\"150\" src=\"https:\/\/www.ge-filmt.de\/wp-content\/uploads\/2012\/04\/IMG_1322-150x150.jpg\" class=\"attachment-thumbnail size-thumbnail\" alt=\"\" srcset=\"https:\/\/www.ge-filmt.de\/wp-content\/uploads\/2012\/04\/IMG_1322-150x150.jpg 150w, https:\/\/www.ge-filmt.de\/wp-content\/uploads\/2012\/04\/IMG_1322-300x300.jpg 300w\" sizes=\"auto, (max-width: 150px) 100vw, 150px\" \/><\/a>\n\t\t\t<\/dt><\/dl><dl class='gallery-item'>\n\t\t\t<dt class='gallery-icon landscape'>\n\t\t\t\t<a href='https:\/\/www.ge-filmt.de\/wp-content\/uploads\/2012\/04\/IMG_1320-scaled.jpg'><img loading=\"lazy\" decoding=\"async\" width=\"150\" height=\"150\" src=\"https:\/\/www.ge-filmt.de\/wp-content\/uploads\/2012\/04\/IMG_1320-150x150.jpg\" class=\"attachment-thumbnail size-thumbnail\" alt=\"\" srcset=\"https:\/\/www.ge-filmt.de\/wp-content\/uploads\/2012\/04\/IMG_1320-150x150.jpg 150w, https:\/\/www.ge-filmt.de\/wp-content\/uploads\/2012\/04\/IMG_1320-300x300.jpg 300w\" sizes=\"auto, (max-width: 150px) 100vw, 150px\" \/><\/a>\n\t\t\t<\/dt><\/dl><br style=\"clear: both\" \/><dl class='gallery-item'>\n\t\t\t<dt class='gallery-icon landscape'>\n\t\t\t\t<a href='https:\/\/www.ge-filmt.de\/wp-content\/uploads\/2012\/04\/IMG_1319-scaled.jpg'><img loading=\"lazy\" decoding=\"async\" width=\"150\" height=\"150\" src=\"https:\/\/www.ge-filmt.de\/wp-content\/uploads\/2012\/04\/IMG_1319-150x150.jpg\" class=\"attachment-thumbnail size-thumbnail\" alt=\"\" srcset=\"https:\/\/www.ge-filmt.de\/wp-content\/uploads\/2012\/04\/IMG_1319-150x150.jpg 150w, https:\/\/www.ge-filmt.de\/wp-content\/uploads\/2012\/04\/IMG_1319-300x300.jpg 300w\" sizes=\"auto, (max-width: 150px) 100vw, 150px\" \/><\/a>\n\t\t\t<\/dt><\/dl>\n\t\t\t<br style='clear: both' \/>\n\t\t<\/div>\n\n<h2>Das Video<\/h2>\n<p><iframe loading=\"lazy\" src=\"http:\/\/player.vimeo.com\/video\/39262381?portrait=0&amp;color=ffffff\" width=\"500\" height=\"208\" frameborder=\"0\" webkitAllowFullScreen mozallowfullscreen allowFullScreen><\/iframe><\/p>\n","protected":false},"excerpt":{"rendered":"<p>Als uns vor gar nicht allzu langer Zeit die ersten Sonnenstrahlen begr\u00fc\u00dften, entschlossen sich Marcel und ich zu einem kleinen spontanen Shooting. Das Motiv? Sein Jeep Grand Cherokee SRT8. Ausger\u00fcstet mit dem elektronischen Pocketslider, einigen Linsen, der EOS und der NEX suchten wir uns also eine feine Location und wurden&#8230;<\/p>\n","protected":false},"author":1,"featured_media":1254,"comment_status":"open","ping_status":"open","sticky":false,"template":"","format":"standard","meta":{"ngg_post_thumbnail":0,"jetpack_post_was_ever_published":false,"_jetpack_newsletter_access":"","_jetpack_dont_email_post_to_subs":false,"_jetpack_newsletter_tier_id":0,"_jetpack_memberships_contains_paywalled_content":false,"_jetpack_memberships_contains_paid_content":false,"footnotes":"","jetpack_publicize_message":"","jetpack_publicize_feature_enabled":true,"jetpack_social_post_already_shared":false,"jetpack_social_options":{"image_generator_settings":{"template":"highway","enabled":false},"version":2}},"categories":[5,4,6],"tags":[80,78,126,95,79,125,81,119,122],"class_list":{"0":"post-1250","1":"post","2":"type-post","3":"status-publish","4":"format-standard","5":"has-post-thumbnail","7":"category-bewegtes-bild","8":"category-neuigkeiten","9":"category-standbild","10":"tag-550d","11":"tag-canon","12":"tag-cars","13":"tag-film","14":"tag-hdslr","15":"tag-jeep","16":"tag-magic-lantern","17":"tag-nex","18":"tag-slider"},"jetpack_publicize_connections":[],"jetpack_featured_media_url":"https:\/\/www.ge-filmt.de\/wp-content\/uploads\/2012\/04\/jeep_aspect_cc.png","jetpack_shortlink":"https:\/\/wp.me\/p1f4rQ-ka","jetpack_sharing_enabled":true,"_links":{"self":[{"href":"https:\/\/www.ge-filmt.de\/index.php?rest_route=\/wp\/v2\/posts\/1250","targetHints":{"allow":["GET"]}}],"collection":[{"href":"https:\/\/www.ge-filmt.de\/index.php?rest_route=\/wp\/v2\/posts"}],"about":[{"href":"https:\/\/www.ge-filmt.de\/index.php?rest_route=\/wp\/v2\/types\/post"}],"author":[{"embeddable":true,"href":"https:\/\/www.ge-filmt.de\/index.php?rest_route=\/wp\/v2\/users\/1"}],"replies":[{"embeddable":true,"href":"https:\/\/www.ge-filmt.de\/index.php?rest_route=%2Fwp%2Fv2%2Fcomments&post=1250"}],"version-history":[{"count":3,"href":"https:\/\/www.ge-filmt.de\/index.php?rest_route=\/wp\/v2\/posts\/1250\/revisions"}],"predecessor-version":[{"id":1257,"href":"https:\/\/www.ge-filmt.de\/index.php?rest_route=\/wp\/v2\/posts\/1250\/revisions\/1257"}],"wp:featuredmedia":[{"embeddable":true,"href":"https:\/\/www.ge-filmt.de\/index.php?rest_route=\/wp\/v2\/media\/1254"}],"wp:attachment":[{"href":"https:\/\/www.ge-filmt.de\/index.php?rest_route=%2Fwp%2Fv2%2Fmedia&parent=1250"}],"wp:term":[{"taxonomy":"category","embeddable":true,"href":"https:\/\/www.ge-filmt.de\/index.php?rest_route=%2Fwp%2Fv2%2Fcategories&post=1250"},{"taxonomy":"post_tag","embeddable":true,"href":"https:\/\/www.ge-filmt.de\/index.php?rest_route=%2Fwp%2Fv2%2Ftags&post=1250"}],"curies":[{"name":"wp","href":"https:\/\/api.w.org\/{rel}","templated":true}]}}