{"id":1362,"date":"2012-08-11T10:59:06","date_gmt":"2012-08-11T10:59:06","guid":{"rendered":"http:\/\/www.ge-filmt.de\/?p=1362"},"modified":"2012-08-11T10:59:06","modified_gmt":"2012-08-11T10:59:06","slug":"ein-imagefilm-fuer-eine-traditionsmarke","status":"publish","type":"post","link":"https:\/\/www.ge-filmt.de\/?p=1362","title":{"rendered":"Ein Imagefilm fuer eine Traditionsmarke"},"content":{"rendered":"<p>Die Aufgaben der letzten Wochen waren vielf\u00e4ltig, aber auch anstrengend. Nach einer Ruhepause hier im Blog m\u00f6chte ich in den kommenden Tagen die Ereignisse der vergangenen Wochen aufarbeiten. Den Start macht der dreit\u00e4gige Dreh f\u00fcr einen Imagefilm im Juni. Der Kunde: Die Traditionsmarke <a href=\"http:\/\/www.baer-schuhe.de\">B\u00c4R Schuhe<\/a>; das Konzept: von <a href=\"http:\/\/www.kremerundkonsorten.de\">Kremer und Konsorten<\/a>. Die Reise f\u00fchrte uns quer durch Deutschland. Gedreht wurde unter anderem in einer Ledergerberei, bei einem Leistenmacher und in der Firmenzentrale selbst. Dabei entstand der gesamte Film mit Hilfe der EOS 550D und Magic Lantern.<\/p>\n<p>Das Ergebnis: Ein rund 30 min\u00fctiger Film, der den facettenreichen Weg vom Leder bis zum fertigen Schuh aufzeigt und viele Beteiligte zu Wort kommen l\u00e4sst. Der Film wurde dem Kunden zun\u00e4chst auf BluRay und DVD zur Verf\u00fcgung gestellt. Die folgenden Bilder geben einen kleinen &#8222;behind the scenes&#8220;- Eindruck.<\/p>\n\n\t\t<style type=\"text\/css\">\n\t\t\t#gallery-1 {\n\t\t\t\tmargin: auto;\n\t\t\t}\n\t\t\t#gallery-1 .gallery-item {\n\t\t\t\tfloat: left;\n\t\t\t\tmargin-top: 10px;\n\t\t\t\ttext-align: center;\n\t\t\t\twidth: 33%;\n\t\t\t}\n\t\t\t#gallery-1 img {\n\t\t\t\tborder: 2px solid #cfcfcf;\n\t\t\t}\n\t\t\t#gallery-1 .gallery-caption {\n\t\t\t\tmargin-left: 0;\n\t\t\t}\n\t\t\t\/* see gallery_shortcode() in wp-includes\/media.php *\/\n\t\t<\/style>\n\t\t<div id='gallery-1' class='gallery galleryid-1362 gallery-columns-3 gallery-size-thumbnail'><dl class='gallery-item'>\n\t\t\t<dt class='gallery-icon landscape'>\n\t\t\t\t<a href='https:\/\/www.ge-filmt.de\/wp-content\/uploads\/2012\/08\/IMG_1707.jpg'><img loading=\"lazy\" decoding=\"async\" width=\"150\" height=\"150\" src=\"https:\/\/www.ge-filmt.de\/wp-content\/uploads\/2012\/08\/IMG_1707-150x150.jpg\" class=\"attachment-thumbnail size-thumbnail\" alt=\"\" aria-describedby=\"gallery-1-1368\" srcset=\"https:\/\/www.ge-filmt.de\/wp-content\/uploads\/2012\/08\/IMG_1707-150x150.jpg 150w, https:\/\/www.ge-filmt.de\/wp-content\/uploads\/2012\/08\/IMG_1707-300x300.jpg 300w\" sizes=\"auto, (max-width: 150px) 100vw, 150px\" \/><\/a>\n\t\t\t<\/dt>\n\t\t\t\t<dd class='wp-caption-text gallery-caption' id='gallery-1-1368'>\n\t\t\t\tDrei\u00dfigmin\u00fctiger Imagefilm f\u00fcr eine Traditionsmarke\n\t\t\t\t<\/dd><\/dl><dl class='gallery-item'>\n\t\t\t<dt class='gallery-icon landscape'>\n\t\t\t\t<a href='https:\/\/www.ge-filmt.de\/wp-content\/uploads\/2012\/08\/IMG_1697.jpg'><img loading=\"lazy\" decoding=\"async\" width=\"150\" height=\"150\" src=\"https:\/\/www.ge-filmt.de\/wp-content\/uploads\/2012\/08\/IMG_1697-150x150.jpg\" class=\"attachment-thumbnail size-thumbnail\" alt=\"\" srcset=\"https:\/\/www.ge-filmt.de\/wp-content\/uploads\/2012\/08\/IMG_1697-150x150.jpg 150w, https:\/\/www.ge-filmt.de\/wp-content\/uploads\/2012\/08\/IMG_1697-300x300.jpg 300w\" sizes=\"auto, (max-width: 150px) 100vw, 150px\" \/><\/a>\n\t\t\t<\/dt><\/dl><dl class='gallery-item'>\n\t\t\t<dt class='gallery-icon landscape'>\n\t\t\t\t<a href='https:\/\/www.ge-filmt.de\/wp-content\/uploads\/2012\/08\/IMG_1672.jpg'><img loading=\"lazy\" decoding=\"async\" width=\"150\" height=\"150\" src=\"https:\/\/www.ge-filmt.de\/wp-content\/uploads\/2012\/08\/IMG_1672-150x150.jpg\" class=\"attachment-thumbnail size-thumbnail\" alt=\"\" srcset=\"https:\/\/www.ge-filmt.de\/wp-content\/uploads\/2012\/08\/IMG_1672-150x150.jpg 150w, https:\/\/www.ge-filmt.de\/wp-content\/uploads\/2012\/08\/IMG_1672-300x300.jpg 300w\" sizes=\"auto, (max-width: 150px) 100vw, 150px\" \/><\/a>\n\t\t\t<\/dt><\/dl><br style=\"clear: both\" \/><dl class='gallery-item'>\n\t\t\t<dt class='gallery-icon landscape'>\n\t\t\t\t<a href='https:\/\/www.ge-filmt.de\/wp-content\/uploads\/2012\/08\/IMG_1659.jpg'><img loading=\"lazy\" decoding=\"async\" width=\"150\" height=\"150\" src=\"https:\/\/www.ge-filmt.de\/wp-content\/uploads\/2012\/08\/IMG_1659-150x150.jpg\" class=\"attachment-thumbnail size-thumbnail\" alt=\"\" srcset=\"https:\/\/www.ge-filmt.de\/wp-content\/uploads\/2012\/08\/IMG_1659-150x150.jpg 150w, https:\/\/www.ge-filmt.de\/wp-content\/uploads\/2012\/08\/IMG_1659-300x300.jpg 300w\" sizes=\"auto, (max-width: 150px) 100vw, 150px\" \/><\/a>\n\t\t\t<\/dt><\/dl><dl class='gallery-item'>\n\t\t\t<dt class='gallery-icon landscape'>\n\t\t\t\t<a href='https:\/\/www.ge-filmt.de\/wp-content\/uploads\/2012\/08\/IMG_1651.jpg'><img loading=\"lazy\" decoding=\"async\" width=\"150\" height=\"150\" src=\"https:\/\/www.ge-filmt.de\/wp-content\/uploads\/2012\/08\/IMG_1651-150x150.jpg\" class=\"attachment-thumbnail size-thumbnail\" alt=\"\" srcset=\"https:\/\/www.ge-filmt.de\/wp-content\/uploads\/2012\/08\/IMG_1651-150x150.jpg 150w, https:\/\/www.ge-filmt.de\/wp-content\/uploads\/2012\/08\/IMG_1651-300x300.jpg 300w\" sizes=\"auto, (max-width: 150px) 100vw, 150px\" \/><\/a>\n\t\t\t<\/dt><\/dl>\n\t\t\t<br style='clear: both' \/>\n\t\t<\/div>\n\n<p>&nbsp;<\/p>\n","protected":false},"excerpt":{"rendered":"<p>Die Aufgaben der letzten Wochen waren vielf\u00e4ltig, aber auch anstrengend. Nach einer Ruhepause hier im Blog m\u00f6chte ich in den kommenden Tagen die Ereignisse der vergangenen Wochen aufarbeiten. Den Start macht der dreit\u00e4gige Dreh f\u00fcr einen Imagefilm im Juni. Der Kunde: Die Traditionsmarke B\u00c4R Schuhe; das Konzept: von Kremer und&#8230;<\/p>\n","protected":false},"author":1,"featured_media":1368,"comment_status":"open","ping_status":"open","sticky":false,"template":"","format":"standard","meta":{"ngg_post_thumbnail":0,"jetpack_post_was_ever_published":false,"_jetpack_newsletter_access":"","_jetpack_dont_email_post_to_subs":false,"_jetpack_newsletter_tier_id":0,"_jetpack_memberships_contains_paywalled_content":false,"_jetpack_memberships_contains_paid_content":false,"footnotes":"","jetpack_publicize_message":"","jetpack_publicize_feature_enabled":true,"jetpack_social_post_already_shared":false,"jetpack_social_options":{"image_generator_settings":{"template":"highway","enabled":false},"version":2}},"categories":[5,4],"tags":[],"class_list":{"0":"post-1362","1":"post","2":"type-post","3":"status-publish","4":"format-standard","5":"has-post-thumbnail","7":"category-bewegtes-bild","8":"category-neuigkeiten"},"jetpack_publicize_connections":[],"jetpack_featured_media_url":"https:\/\/www.ge-filmt.de\/wp-content\/uploads\/2012\/08\/IMG_1707.jpg","jetpack_shortlink":"https:\/\/wp.me\/p1f4rQ-lY","jetpack_sharing_enabled":true,"_links":{"self":[{"href":"https:\/\/www.ge-filmt.de\/index.php?rest_route=\/wp\/v2\/posts\/1362","targetHints":{"allow":["GET"]}}],"collection":[{"href":"https:\/\/www.ge-filmt.de\/index.php?rest_route=\/wp\/v2\/posts"}],"about":[{"href":"https:\/\/www.ge-filmt.de\/index.php?rest_route=\/wp\/v2\/types\/post"}],"author":[{"embeddable":true,"href":"https:\/\/www.ge-filmt.de\/index.php?rest_route=\/wp\/v2\/users\/1"}],"replies":[{"embeddable":true,"href":"https:\/\/www.ge-filmt.de\/index.php?rest_route=%2Fwp%2Fv2%2Fcomments&post=1362"}],"version-history":[{"count":5,"href":"https:\/\/www.ge-filmt.de\/index.php?rest_route=\/wp\/v2\/posts\/1362\/revisions"}],"predecessor-version":[{"id":1372,"href":"https:\/\/www.ge-filmt.de\/index.php?rest_route=\/wp\/v2\/posts\/1362\/revisions\/1372"}],"wp:featuredmedia":[{"embeddable":true,"href":"https:\/\/www.ge-filmt.de\/index.php?rest_route=\/wp\/v2\/media\/1368"}],"wp:attachment":[{"href":"https:\/\/www.ge-filmt.de\/index.php?rest_route=%2Fwp%2Fv2%2Fmedia&parent=1362"}],"wp:term":[{"taxonomy":"category","embeddable":true,"href":"https:\/\/www.ge-filmt.de\/index.php?rest_route=%2Fwp%2Fv2%2Fcategories&post=1362"},{"taxonomy":"post_tag","embeddable":true,"href":"https:\/\/www.ge-filmt.de\/index.php?rest_route=%2Fwp%2Fv2%2Ftags&post=1362"}],"curies":[{"name":"wp","href":"https:\/\/api.w.org\/{rel}","templated":true}]}}