{"id":1397,"date":"2012-09-18T14:22:40","date_gmt":"2012-09-18T14:22:40","guid":{"rendered":"http:\/\/www.ge-filmt.de\/?p=1397"},"modified":"2012-09-18T14:29:31","modified_gmt":"2012-09-18T14:29:31","slug":"neues-altes-arbeitswerkzeug-ge-filmt-wird-ab-jetzt-im-vollformat","status":"publish","type":"post","link":"https:\/\/www.ge-filmt.de\/?p=1397","title":{"rendered":"Neues (altes) Arbeitswerkzeug &#8211; Ge-filmt wird ab jetzt im Vollformat"},"content":{"rendered":"<p>Der aufmerksame Leser wird es unter Umst\u00e4nden schon im Facebook oder anhand der Bilder aus dem letzten Post erfahren haben. Vor einiger Zeit wagte ich den Sprung auf das Vollformat. Dabei stand die Entscheidung lange zur Diskussion und es gab ein innerliches F\u00fcr und Wider. Der aktuelle Kameramarkt bietet unz\u00e4hlige M\u00f6glichkeiten und f\u00fcr Jeden scheint etwas dabei zu sein. Auch ich hatte mehrere Alternativen zur kleinen 550D in Aussicht.<\/p>\n<p>Der Groschen fiel dann w\u00e4hrend der letzten Projekte. Ich stellte immer h\u00e4ufiger fest wie gern ich die hybride L\u00f6sung aus DSLR f\u00fcr Stills und Video nutze. Es geht hier zwar vorrangig um die bewegten Bilder, doch auch die Fotografie bereitet mir gro\u00dfe Freude. Als Canon die 5D Mark III vorstellte ging ein Raunen durch die bekannten Filmseiten und Blogs; es g\u00e4be wenig Weiterentwicklung, das Bild sei viel zu weich etc. Dabei waren f\u00fcr mich die Punkte Aufl\u00f6sung und Sch\u00e4rfe nie das, was von meinen Kunden kritisiert wurde. \u00c4hnliche Erfahrungen findet man unter anderem im <a href=\"http:\/\/stillmotionblog.com\/2012\/04\/09\/the-stillmotion-5d-mk3-review\/\" target=\"_blank\">Review von Stillmotion<\/a>, die die 5D Mark III tats\u00e4chlich f\u00fcr CBS, also als mobile kleine Broadcast L\u00f6sung, einsetzen.<\/p>\n[pullquote]&#8230;but in practical use when playing back the footage cut right in with Alexa, side by side on a 50\u2033 LCD, nobody commented on a lack of sharpness&#8230; [\/pullquote]\n<p>Mir ging es mehr um erweiterte M\u00f6glichkeiten im sogenannten &#8222;low light&#8220; und den typischen Vollformatlook, der sich nur schwer &#8222;nachahmen&#8220; \u00a0l\u00e4sst. Es finden sich mittlerweile unz\u00e4hlige Reviews und Berichte im Netz, so dass ich mir weitere Worte zur Technik spare.<\/p>\n<h2>Und Magic Lantern?<\/h2>\n<p>Mit der kleinen 550D, die im \u00fcbrigen weiter eingesetzt wird, war ich ein Magic Lantern Benutzer der ersten Stunde. Einige der genutzten Features bietet die 5D Mark III bereits von Haus: z.B. Audiolevels und ein Histogramm. Das Focus Peaking vermisse ich dank des Vollformat Sensors bisher weniger, allerdings lie\u00dfe sich seit gut einer Woche auch dieser Umstand l\u00f6sen. Denn die erste Alpha Version von Magic Lantern f\u00fcr die 5D Mark III steht zum <a href=\"http:\/\/www.magiclantern.fm\/whats-new\/78-news\/137-first-alpha-version-for-5d-mark-iii\">Download bereit<\/a>.<\/p>\n<p>Zum Abschluss noch eine kleine Gallery des Arbeitswerkzeuges.<\/p>\n<p>&nbsp;<\/p>\n\n\t\t<style type=\"text\/css\">\n\t\t\t#gallery-1 {\n\t\t\t\tmargin: auto;\n\t\t\t}\n\t\t\t#gallery-1 .gallery-item {\n\t\t\t\tfloat: left;\n\t\t\t\tmargin-top: 10px;\n\t\t\t\ttext-align: center;\n\t\t\t\twidth: 33%;\n\t\t\t}\n\t\t\t#gallery-1 img {\n\t\t\t\tborder: 2px solid #cfcfcf;\n\t\t\t}\n\t\t\t#gallery-1 .gallery-caption {\n\t\t\t\tmargin-left: 0;\n\t\t\t}\n\t\t\t\/* see gallery_shortcode() in wp-includes\/media.php *\/\n\t\t<\/style>\n\t\t<div id='gallery-1' class='gallery galleryid-1397 gallery-columns-3 gallery-size-thumbnail'><dl class='gallery-item'>\n\t\t\t<dt class='gallery-icon landscape'>\n\t\t\t\t<a href='https:\/\/www.ge-filmt.de\/wp-content\/uploads\/2012\/09\/DSC06895-scaled.jpg'><img loading=\"lazy\" decoding=\"async\" width=\"150\" height=\"150\" src=\"https:\/\/www.ge-filmt.de\/wp-content\/uploads\/2012\/09\/DSC06895-150x150.jpg\" class=\"attachment-thumbnail size-thumbnail\" alt=\"\" srcset=\"https:\/\/www.ge-filmt.de\/wp-content\/uploads\/2012\/09\/DSC06895-150x150.jpg 150w, https:\/\/www.ge-filmt.de\/wp-content\/uploads\/2012\/09\/DSC06895-300x300.jpg 300w\" sizes=\"auto, (max-width: 150px) 100vw, 150px\" \/><\/a>\n\t\t\t<\/dt><\/dl><dl class='gallery-item'>\n\t\t\t<dt class='gallery-icon landscape'>\n\t\t\t\t<a href='https:\/\/www.ge-filmt.de\/wp-content\/uploads\/2012\/09\/DSC06892-scaled.jpg'><img loading=\"lazy\" decoding=\"async\" width=\"150\" height=\"150\" src=\"https:\/\/www.ge-filmt.de\/wp-content\/uploads\/2012\/09\/DSC06892-150x150.jpg\" class=\"attachment-thumbnail size-thumbnail\" alt=\"\" srcset=\"https:\/\/www.ge-filmt.de\/wp-content\/uploads\/2012\/09\/DSC06892-150x150.jpg 150w, https:\/\/www.ge-filmt.de\/wp-content\/uploads\/2012\/09\/DSC06892-300x300.jpg 300w\" sizes=\"auto, (max-width: 150px) 100vw, 150px\" \/><\/a>\n\t\t\t<\/dt><\/dl><dl class='gallery-item'>\n\t\t\t<dt class='gallery-icon landscape'>\n\t\t\t\t<a href='https:\/\/www.ge-filmt.de\/wp-content\/uploads\/2012\/09\/DSC06883-scaled.jpg'><img loading=\"lazy\" decoding=\"async\" width=\"150\" height=\"150\" src=\"https:\/\/www.ge-filmt.de\/wp-content\/uploads\/2012\/09\/DSC06883-150x150.jpg\" class=\"attachment-thumbnail size-thumbnail\" alt=\"\" srcset=\"https:\/\/www.ge-filmt.de\/wp-content\/uploads\/2012\/09\/DSC06883-150x150.jpg 150w, https:\/\/www.ge-filmt.de\/wp-content\/uploads\/2012\/09\/DSC06883-300x300.jpg 300w\" sizes=\"auto, (max-width: 150px) 100vw, 150px\" \/><\/a>\n\t\t\t<\/dt><\/dl><br style=\"clear: both\" \/><dl class='gallery-item'>\n\t\t\t<dt class='gallery-icon landscape'>\n\t\t\t\t<a href='https:\/\/www.ge-filmt.de\/wp-content\/uploads\/2012\/09\/DSC06876-scaled.jpg'><img loading=\"lazy\" decoding=\"async\" width=\"150\" height=\"150\" src=\"https:\/\/www.ge-filmt.de\/wp-content\/uploads\/2012\/09\/DSC06876-150x150.jpg\" class=\"attachment-thumbnail size-thumbnail\" alt=\"\" srcset=\"https:\/\/www.ge-filmt.de\/wp-content\/uploads\/2012\/09\/DSC06876-150x150.jpg 150w, https:\/\/www.ge-filmt.de\/wp-content\/uploads\/2012\/09\/DSC06876-300x300.jpg 300w\" sizes=\"auto, (max-width: 150px) 100vw, 150px\" \/><\/a>\n\t\t\t<\/dt><\/dl><dl class='gallery-item'>\n\t\t\t<dt class='gallery-icon landscape'>\n\t\t\t\t<a href='https:\/\/www.ge-filmt.de\/wp-content\/uploads\/2012\/09\/DSC06874-scaled.jpg'><img loading=\"lazy\" decoding=\"async\" width=\"150\" height=\"150\" src=\"https:\/\/www.ge-filmt.de\/wp-content\/uploads\/2012\/09\/DSC06874-150x150.jpg\" class=\"attachment-thumbnail size-thumbnail\" alt=\"\" srcset=\"https:\/\/www.ge-filmt.de\/wp-content\/uploads\/2012\/09\/DSC06874-150x150.jpg 150w, https:\/\/www.ge-filmt.de\/wp-content\/uploads\/2012\/09\/DSC06874-300x300.jpg 300w\" sizes=\"auto, (max-width: 150px) 100vw, 150px\" \/><\/a>\n\t\t\t<\/dt><\/dl>\n\t\t\t<br style='clear: both' \/>\n\t\t<\/div>\n\n<p>&nbsp;<\/p>\n","protected":false},"excerpt":{"rendered":"<p>Der aufmerksame Leser wird es unter Umst\u00e4nden schon im Facebook oder anhand der Bilder aus dem letzten Post erfahren haben. Vor einiger Zeit wagte ich den Sprung auf das Vollformat. Dabei stand die Entscheidung lange zur Diskussion und es gab ein innerliches F\u00fcr und Wider. Der aktuelle Kameramarkt bietet unz\u00e4hlige&#8230;<\/p>\n","protected":false},"author":1,"featured_media":1400,"comment_status":"open","ping_status":"open","sticky":false,"template":"","format":"standard","meta":{"ngg_post_thumbnail":0,"jetpack_post_was_ever_published":false,"_jetpack_newsletter_access":"","_jetpack_dont_email_post_to_subs":false,"_jetpack_newsletter_tier_id":0,"_jetpack_memberships_contains_paywalled_content":false,"_jetpack_memberships_contains_paid_content":false,"footnotes":"","jetpack_publicize_message":"","jetpack_publicize_feature_enabled":true,"jetpack_social_post_already_shared":false,"jetpack_social_options":{"image_generator_settings":{"template":"highway","enabled":false},"version":2}},"categories":[5,4,6,55],"tags":[134,78,84,95,83,79,133],"class_list":{"0":"post-1397","1":"post","2":"type-post","3":"status-publish","4":"format-standard","5":"has-post-thumbnail","7":"category-bewegtes-bild","8":"category-neuigkeiten","9":"category-standbild","10":"category-tech-news","11":"tag-5dmk3","12":"tag-canon","13":"tag-equipment","14":"tag-film","15":"tag-hd","16":"tag-hdslr","17":"tag-vollformat"},"jetpack_publicize_connections":[],"jetpack_featured_media_url":"https:\/\/www.ge-filmt.de\/wp-content\/uploads\/2012\/09\/DSC06876-scaled.jpg","jetpack_shortlink":"https:\/\/wp.me\/p1f4rQ-mx","jetpack_sharing_enabled":true,"_links":{"self":[{"href":"https:\/\/www.ge-filmt.de\/index.php?rest_route=\/wp\/v2\/posts\/1397","targetHints":{"allow":["GET"]}}],"collection":[{"href":"https:\/\/www.ge-filmt.de\/index.php?rest_route=\/wp\/v2\/posts"}],"about":[{"href":"https:\/\/www.ge-filmt.de\/index.php?rest_route=\/wp\/v2\/types\/post"}],"author":[{"embeddable":true,"href":"https:\/\/www.ge-filmt.de\/index.php?rest_route=\/wp\/v2\/users\/1"}],"replies":[{"embeddable":true,"href":"https:\/\/www.ge-filmt.de\/index.php?rest_route=%2Fwp%2Fv2%2Fcomments&post=1397"}],"version-history":[{"count":9,"href":"https:\/\/www.ge-filmt.de\/index.php?rest_route=\/wp\/v2\/posts\/1397\/revisions"}],"predecessor-version":[{"id":1410,"href":"https:\/\/www.ge-filmt.de\/index.php?rest_route=\/wp\/v2\/posts\/1397\/revisions\/1410"}],"wp:featuredmedia":[{"embeddable":true,"href":"https:\/\/www.ge-filmt.de\/index.php?rest_route=\/wp\/v2\/media\/1400"}],"wp:attachment":[{"href":"https:\/\/www.ge-filmt.de\/index.php?rest_route=%2Fwp%2Fv2%2Fmedia&parent=1397"}],"wp:term":[{"taxonomy":"category","embeddable":true,"href":"https:\/\/www.ge-filmt.de\/index.php?rest_route=%2Fwp%2Fv2%2Fcategories&post=1397"},{"taxonomy":"post_tag","embeddable":true,"href":"https:\/\/www.ge-filmt.de\/index.php?rest_route=%2Fwp%2Fv2%2Ftags&post=1397"}],"curies":[{"name":"wp","href":"https:\/\/api.w.org\/{rel}","templated":true}]}}