{"id":1451,"date":"2012-09-25T10:20:43","date_gmt":"2012-09-25T10:20:43","guid":{"rendered":"http:\/\/www.ge-filmt.de\/?p=1451"},"modified":"2012-09-25T10:38:17","modified_gmt":"2012-09-25T10:38:17","slug":"photokina-2012-be-sucht","status":"publish","type":"post","link":"https:\/\/www.ge-filmt.de\/?p=1451","title":{"rendered":"Photokina 2012"},"content":{"rendered":"<p>Gestern konnte ich die letzte Chance nutzen und <a href=\"https:\/\/www.facebook.com\/Michael.T.K.Photography\" target=\"_blank\">Michael<\/a>\u00a0auf die Photokina 2012 begleiten. Voller Vorfreude machten wir uns am Morgen auf, um den Tag komplett auf der Messe zu verbringen. Im Schlepptau hatten wir unsere Kameras, um auch vor Ort diverse Linsen und M\u00f6glichkeiten direkt ausprobieren zu k\u00f6nnen. Im Folgenden m\u00f6chte die erlebten Messe-Highlights kurz zusammenfassen.<\/p>\n<h2>Die Gemischtwaren-Hallen und das Walimex 35 T1.5 VDSLR<\/h2>\n<p>Auch wenn ich den Ausstellern mit der gew\u00e4hlten \u00dcberschrift unrecht tue, am Ende erlebte ich die ersten Hallen der Messe als eine riesige Sammlung von Foto- und Videozubeh\u00f6r aus allen Bereichen. Es fanden sich darunter renommierte Namen wie Sunbounce, aber auch Hersteller aus Fernost boten hier ihre Waren an. Vom Blitz bis zum Rig fand sich hier fast alles. Auch Walimex hatte\u00a0in dieser Halle ihren Stand und ich konnte die neue 35 mm VDSLR Linse testen. Im wahrsten Sinne des Wortes ein scharfes Teil, wie die folgenden Bilder bei offener Blende zeigen.<br \/>\n<a href=\"http:\/\/www.ge-filmt.de\/wp-content\/uploads\/2012\/09\/D24A0021.jpg\" rel=\"prettyPhoto[gallery-BrLe]\"><img loading=\"lazy\" decoding=\"async\" class=\"alignleft size-thumbnail wp-image-1453\" title=\"Walimex 35 mm T1.5 bei offener Blende \" src=\"http:\/\/www.ge-filmt.de\/wp-content\/uploads\/2012\/09\/D24A0021-150x150.jpg\" alt=\"\" width=\"150\" height=\"150\" srcset=\"https:\/\/www.ge-filmt.de\/wp-content\/uploads\/2012\/09\/D24A0021-150x150.jpg 150w, https:\/\/www.ge-filmt.de\/wp-content\/uploads\/2012\/09\/D24A0021-300x300.jpg 300w\" sizes=\"auto, (max-width: 150px) 100vw, 150px\" \/><\/a>\u00a0<a href=\"http:\/\/www.ge-filmt.de\/wp-content\/uploads\/2012\/09\/IMG_0499.jpg\" rel=\"prettyPhoto[gallery-BrLe]\"><img loading=\"lazy\" decoding=\"async\" class=\"alignleft size-thumbnail wp-image-1476\" title=\"Walimex 35 T1.5 an der 5DMk2 - Offene Blende\" src=\"http:\/\/www.ge-filmt.de\/wp-content\/uploads\/2012\/09\/IMG_0499-150x150.jpg\" alt=\"\" width=\"150\" height=\"150\" srcset=\"https:\/\/www.ge-filmt.de\/wp-content\/uploads\/2012\/09\/IMG_0499-150x150.jpg 150w, https:\/\/www.ge-filmt.de\/wp-content\/uploads\/2012\/09\/IMG_0499-300x300.jpg 300w\" sizes=\"auto, (max-width: 150px) 100vw, 150px\" \/><\/a><a href=\"http:\/\/www.ge-filmt.de\/wp-content\/uploads\/2012\/09\/D24A0020.jpg\" rel=\"prettyPhoto[gallery-BrLe]\"><img loading=\"lazy\" decoding=\"async\" class=\"alignleft size-thumbnail wp-image-1452\" title=\"Walimex 35 T1.5 Cinelense bei offener Blende im Fotomodus M\" src=\"http:\/\/www.ge-filmt.de\/wp-content\/uploads\/2012\/09\/D24A0020-150x150.jpg\" alt=\"\" width=\"150\" height=\"150\" srcset=\"https:\/\/www.ge-filmt.de\/wp-content\/uploads\/2012\/09\/D24A0020-150x150.jpg 150w, https:\/\/www.ge-filmt.de\/wp-content\/uploads\/2012\/09\/D24A0020-300x300.jpg 300w\" sizes=\"auto, (max-width: 150px) 100vw, 150px\" \/><\/a><\/p>\n<p>&nbsp;<\/p>\n<p>&nbsp;<\/p>\n<p>&nbsp;<\/p>\n<p>&nbsp;<\/p>\n<p>Diese Linse hat mich \u00fcberzeugt und wird demn\u00e4chst den Weg in das Linsenportfolio finden. Es wird dann einen eigenen Blogpost geben.<\/p>\n<h2>Sony, Samsung und Tamron<\/h2>\n<p>Am Sony Stand lag f\u00fcr mich der Fokus klar auf der neuen kleinen Sony NEX 6. Da ich selbst Besitzer der kleinen NEX 5N bin, war ich besonders daran interessiert mir die weitere Entwicklung der kleinen E-Mount Kamera anzusehen. Auff\u00e4llig war der festverbaute OLED Viewfinder, den man bis dato lediglich an der NEX 7 finden konnte. Das Display selbst besitzt keine Touchfunktion mehr, daf\u00fcr hat die NEX 6 nun ein ausgewachsenes Moduswahlrad erhalten. Diesen Schritt werden die Meisten sicherlich begr\u00fc\u00dfen, da die Wahl der Modi an der NEX 5 \u00fcber das Touchmen\u00fc doch etwas umst\u00e4ndlich war bzw. ist. Auf Nachfrage best\u00e4tigte man mir, dass der Sensor identisch zur NEX 5N sei. Ein Sprung in der Bildqualit\u00e4t ist also nicht merklich zu erwarten. Daf\u00fcr konnte die neue Kitlinse mit ihren Abma\u00dfen \u00fcberzeugen. Durch einen elektronischen Zoom gelang es Sony die Abma\u00dfe massiv zu verkleinern und so passt die, insgesamt erwachsener wirkende, NEX 6 auch in eine Jackentasche.<\/p>\n<p>Bei Samsung war die Samsung Galaxy Cam eine klare Consumer-\u00dcberraschung. Eine Mischung aus Android Smartphone und Digitaler Kamera mit 16 Mpixel Sensor k\u00f6nnte im Consumer Markt gut einschlagen. Aufgrund des Android System ist die Kamera mit Apps erweiterbar. Das gro\u00dfe Display zeigte sich als sehr klar und scharf, aber auch anf\u00e4llig f\u00fcr Reflexionen bei Sonnenlicht. Hier bleibt abzuwarten wie sich die Kamera in ersten Tests schl\u00e4gt. Ein paar Eindr\u00fccke der Samsung Cam geben die folgenden Bilder. An dieser Stelle geht der Dank nochmals an <a href=\"https:\/\/www.facebook.com\/Michael.T.K.Photography\" target=\"_blank\">Michael<\/a>, der einige der Fotos gemacht hat.<\/p>\n<p><a href=\"http:\/\/www.ge-filmt.de\/wp-content\/uploads\/2012\/09\/IMG_0501.jpg\" rel=\"prettyPhoto[gallery-BrLe]\"><img loading=\"lazy\" decoding=\"async\" class=\"alignleft size-thumbnail wp-image-1478\" title=\"Samsung Galaxy-Cam - Man erkennt das gro\u00dfe Display\" src=\"http:\/\/www.ge-filmt.de\/wp-content\/uploads\/2012\/09\/IMG_0501-150x150.jpg\" alt=\"\" width=\"150\" height=\"150\" srcset=\"https:\/\/www.ge-filmt.de\/wp-content\/uploads\/2012\/09\/IMG_0501-150x150.jpg 150w, https:\/\/www.ge-filmt.de\/wp-content\/uploads\/2012\/09\/IMG_0501-300x300.jpg 300w\" sizes=\"auto, (max-width: 150px) 100vw, 150px\" \/><\/a><a href=\"http:\/\/www.ge-filmt.de\/wp-content\/uploads\/2012\/09\/IMG_0503.jpg\" rel=\"prettyPhoto[gallery-BrLe]\"><img loading=\"lazy\" decoding=\"async\" class=\"alignleft size-thumbnail wp-image-1479\" title=\"Das Touch-Display der Samsung Galaxy Cam\" src=\"http:\/\/www.ge-filmt.de\/wp-content\/uploads\/2012\/09\/IMG_0503-150x150.jpg\" alt=\"\" width=\"150\" height=\"150\" srcset=\"https:\/\/www.ge-filmt.de\/wp-content\/uploads\/2012\/09\/IMG_0503-150x150.jpg 150w, https:\/\/www.ge-filmt.de\/wp-content\/uploads\/2012\/09\/IMG_0503-300x300.jpg 300w\" sizes=\"auto, (max-width: 150px) 100vw, 150px\" \/><\/a><a href=\"http:\/\/www.ge-filmt.de\/wp-content\/uploads\/2012\/09\/IMG_0504.jpg\" rel=\"prettyPhoto[gallery-BrLe]\"><img loading=\"lazy\" decoding=\"async\" class=\"alignleft size-thumbnail wp-image-1480\" title=\"Optischer Zoom an der Samsung Galaxy Cam\" src=\"http:\/\/www.ge-filmt.de\/wp-content\/uploads\/2012\/09\/IMG_0504-150x150.jpg\" alt=\"\" width=\"150\" height=\"150\" srcset=\"https:\/\/www.ge-filmt.de\/wp-content\/uploads\/2012\/09\/IMG_0504-150x150.jpg 150w, https:\/\/www.ge-filmt.de\/wp-content\/uploads\/2012\/09\/IMG_0504-300x300.jpg 300w\" sizes=\"auto, (max-width: 150px) 100vw, 150px\" \/><\/a><\/p>\n<p><a href=\"http:\/\/www.ge-filmt.de\/wp-content\/uploads\/2012\/09\/IMG_0500.jpg\" rel=\"prettyPhoto[gallery-BrLe]\"><img loading=\"lazy\" decoding=\"async\" class=\"alignleft size-thumbnail wp-image-1477\" title=\"Samsung Galaxy Cam - In poppigen Farben\" src=\"http:\/\/www.ge-filmt.de\/wp-content\/uploads\/2012\/09\/IMG_0500-150x150.jpg\" alt=\"\" width=\"150\" height=\"150\" srcset=\"https:\/\/www.ge-filmt.de\/wp-content\/uploads\/2012\/09\/IMG_0500-150x150.jpg 150w, https:\/\/www.ge-filmt.de\/wp-content\/uploads\/2012\/09\/IMG_0500-300x300.jpg 300w\" sizes=\"auto, (max-width: 150px) 100vw, 150px\" \/><\/a><\/p>\n<p>&nbsp;<\/p>\n<p>&nbsp;<\/p>\n<p>&nbsp;<\/p>\n<p>&nbsp;<\/p>\n<p>&nbsp;<\/p>\n<p>Der Tamron Stand \u00fcberraschte zun\u00e4chst mit seinen Ausma\u00dfen, denn was sich zun\u00e4chst als kleiner Stand mit &#8222;Probeplattform&#8220; pr\u00e4sentierte, entpuppte sich als sehr gro\u00dfer Stand mit langer Linsentheke. Hier konnte man diverse Modelle auf seine eigene Kamera montieren und testen. Ich interessierte mich insbesondere f\u00fcr das Tamron 24-70 2.8 VC, \u00fcber welches ich schon im Vorfeld viele positive Berichte lesen durfte. Der Fokus arbeitet nach einem ersten Eindruck schnell und pr\u00e4zise. Der Bildstabilisator kann besonders im Filmmodus punkten. Die folgenden Bilder entstanden mit dem Tamron 24-70 2.8 VC.<\/p>\n<p><a href=\"http:\/\/www.ge-filmt.de\/wp-content\/uploads\/2012\/09\/D24A0045.jpg\" rel=\"prettyPhoto[gallery-BrLe]\"><img loading=\"lazy\" decoding=\"async\" class=\"alignleft size-thumbnail wp-image-1458\" title=\"Das Tamron 24-70 bei 70 mm und f3.2\" src=\"http:\/\/www.ge-filmt.de\/wp-content\/uploads\/2012\/09\/D24A0045-150x150.jpg\" alt=\"\" width=\"150\" height=\"150\" srcset=\"https:\/\/www.ge-filmt.de\/wp-content\/uploads\/2012\/09\/D24A0045-150x150.jpg 150w, https:\/\/www.ge-filmt.de\/wp-content\/uploads\/2012\/09\/D24A0045-300x300.jpg 300w\" sizes=\"auto, (max-width: 150px) 100vw, 150px\" \/><\/a><a href=\"http:\/\/www.ge-filmt.de\/wp-content\/uploads\/2012\/09\/D24A0039.jpg\" rel=\"prettyPhoto[gallery-BrLe]\"><img loading=\"lazy\" decoding=\"async\" class=\"alignleft size-thumbnail wp-image-1457\" title=\"Das Tamron 24-70 bei f2.8\" src=\"http:\/\/www.ge-filmt.de\/wp-content\/uploads\/2012\/09\/D24A0039-150x150.jpg\" alt=\"\" width=\"150\" height=\"150\" srcset=\"https:\/\/www.ge-filmt.de\/wp-content\/uploads\/2012\/09\/D24A0039-150x150.jpg 150w, https:\/\/www.ge-filmt.de\/wp-content\/uploads\/2012\/09\/D24A0039-300x300.jpg 300w\" sizes=\"auto, (max-width: 150px) 100vw, 150px\" \/><\/a><a href=\"http:\/\/www.ge-filmt.de\/wp-content\/uploads\/2012\/09\/D24A0035.jpg\" rel=\"prettyPhoto[gallery-BrLe]\"><img loading=\"lazy\" decoding=\"async\" class=\"alignleft size-thumbnail wp-image-1456\" title=\"Das Tamron 24-70 bei 24 mm und f3.5\" src=\"http:\/\/www.ge-filmt.de\/wp-content\/uploads\/2012\/09\/D24A0035-150x150.jpg\" alt=\"\" width=\"150\" height=\"150\" srcset=\"https:\/\/www.ge-filmt.de\/wp-content\/uploads\/2012\/09\/D24A0035-150x150.jpg 150w, https:\/\/www.ge-filmt.de\/wp-content\/uploads\/2012\/09\/D24A0035-300x300.jpg 300w\" sizes=\"auto, (max-width: 150px) 100vw, 150px\" \/><\/a><\/p>\n<p>&nbsp;<\/p>\n<p>&nbsp;<\/p>\n<p>&nbsp;<\/p>\n<p>&nbsp;<\/p>\n<p>&nbsp;<\/p>\n<h2>Canon und Panasonic<\/h2>\n<p>Der Canon Stand protzte mit gro\u00dfer Standfl\u00e4che. Das Interesse lag bei der neuen EOS M, die &#8222;kleine 650d&#8220;, am Linsenpark, sowie bei der 6D. Die EOS M pr\u00e4sentiert sich dabei tats\u00e4chlich als kleine spiegellose Alternative f\u00fcr den Urlaub und\/oder die Stra\u00dfe. Mit Hilfe des Adapters k\u00f6nnen auch s\u00e4mtliche EF Linsen montiert werden; sicherlich ein positiver Aspekt. Die neue Vollformat Kamera von Canon &#8211; die 6D &#8211; liegt aber mindestens genauso gut in der Hand und kommt als leicht &#8222;abgespeckte&#8220; 5D Mark III daher. So fehlt der Kopfh\u00f6rerausgang f\u00fcr Filmer, der Autofocus ist nicht mit dem aus der MK3 zu vergleichen und auch einen &#8222;Joystick&#8220; auf der R\u00fcckseite der Cam sucht man vergebens. Leider konnte ich keine Bilder mit der Kamera selbst machen. Es gelang mir jedoch das neue Pancake Objektiv 40 mm f2.8 auf meine Kamera zu schrauben und ein paar Bilder und bewegte Eindr\u00fccke einzufangen. Der erste Eindruck ist hier durchaus positiv, vor allem wenn man den Preis von ca. 240 Euro ber\u00fccksichtigt. Leider besitzt diese Linse, wie auch das 50 mm f1.8, nur einen sehr kleinen Focusring und kann somit nicht mit einem Follow Focus best\u00fcckt werden. Desweiteren kamen wir noch in den Genuss der 85 mm L f1.2 Linse. Die folgenden Bilder sprechen f\u00fcr sich.<\/p>\n<p><a href=\"http:\/\/www.ge-filmt.de\/wp-content\/uploads\/2012\/09\/IMG_5264.jpg\" rel=\"prettyPhoto[gallery-BrLe]\"><img loading=\"lazy\" decoding=\"async\" class=\"alignleft size-thumbnail wp-image-1485\" title=\"Die Canon 6D\" src=\"http:\/\/www.ge-filmt.de\/wp-content\/uploads\/2012\/09\/IMG_5264-150x150.jpg\" alt=\"\" width=\"150\" height=\"150\" srcset=\"https:\/\/www.ge-filmt.de\/wp-content\/uploads\/2012\/09\/IMG_5264-150x150.jpg 150w, https:\/\/www.ge-filmt.de\/wp-content\/uploads\/2012\/09\/IMG_5264-300x300.jpg 300w\" sizes=\"auto, (max-width: 150px) 100vw, 150px\" \/><\/a><a href=\"http:\/\/www.ge-filmt.de\/wp-content\/uploads\/2012\/09\/IMG_5315.jpg\" rel=\"prettyPhoto[gallery-BrLe]\"><img loading=\"lazy\" decoding=\"async\" class=\"alignleft size-thumbnail wp-image-1484\" title=\"Meine Wenigkeit mit dem 85 mm bei f1.2\" src=\"http:\/\/www.ge-filmt.de\/wp-content\/uploads\/2012\/09\/IMG_5315-150x150.jpg\" alt=\"\" width=\"150\" height=\"150\" srcset=\"https:\/\/www.ge-filmt.de\/wp-content\/uploads\/2012\/09\/IMG_5315-150x150.jpg 150w, https:\/\/www.ge-filmt.de\/wp-content\/uploads\/2012\/09\/IMG_5315-300x300.jpg 300w\" sizes=\"auto, (max-width: 150px) 100vw, 150px\" \/><\/a><a href=\"http:\/\/www.ge-filmt.de\/wp-content\/uploads\/2012\/09\/D24A0074.jpg\" rel=\"prettyPhoto[gallery-BrLe]\"><img loading=\"lazy\" decoding=\"async\" class=\"alignleft size-thumbnail wp-image-1464\" title=\"Michael mit dem Canon Pancake 40 mm bei f2.8\" src=\"http:\/\/www.ge-filmt.de\/wp-content\/uploads\/2012\/09\/D24A0074-150x150.jpg\" alt=\"\" width=\"150\" height=\"150\" srcset=\"https:\/\/www.ge-filmt.de\/wp-content\/uploads\/2012\/09\/D24A0074-150x150.jpg 150w, https:\/\/www.ge-filmt.de\/wp-content\/uploads\/2012\/09\/D24A0074-300x300.jpg 300w\" sizes=\"auto, (max-width: 150px) 100vw, 150px\" \/><\/a><a href=\"http:\/\/www.ge-filmt.de\/wp-content\/uploads\/2012\/09\/D24A8433.jpg\" rel=\"prettyPhoto[gallery-BrLe]\"><img loading=\"lazy\" decoding=\"async\" class=\"alignleft size-thumbnail wp-image-1470\" title=\"Michael mit dem 85 mm bei f1.2\" src=\"http:\/\/www.ge-filmt.de\/wp-content\/uploads\/2012\/09\/D24A8433-150x150.jpg\" alt=\"\" width=\"150\" height=\"150\" srcset=\"https:\/\/www.ge-filmt.de\/wp-content\/uploads\/2012\/09\/D24A8433-150x150.jpg 150w, https:\/\/www.ge-filmt.de\/wp-content\/uploads\/2012\/09\/D24A8433-300x300.jpg 300w\" sizes=\"auto, (max-width: 150px) 100vw, 150px\" \/><\/a><a href=\"http:\/\/www.ge-filmt.de\/wp-content\/uploads\/2012\/09\/D24A8439.jpg\" rel=\"prettyPhoto[gallery-BrLe]\"><img loading=\"lazy\" decoding=\"async\" class=\"alignleft size-thumbnail wp-image-1471\" title=\"Canon 85 mm bei f1.2\" src=\"http:\/\/www.ge-filmt.de\/wp-content\/uploads\/2012\/09\/D24A8439-150x150.jpg\" alt=\"\" width=\"150\" height=\"150\" srcset=\"https:\/\/www.ge-filmt.de\/wp-content\/uploads\/2012\/09\/D24A8439-150x150.jpg 150w, https:\/\/www.ge-filmt.de\/wp-content\/uploads\/2012\/09\/D24A8439-300x300.jpg 300w\" sizes=\"auto, (max-width: 150px) 100vw, 150px\" \/><\/a><\/p>\n<p>&nbsp;<\/p>\n<p>&nbsp;<\/p>\n<p>&nbsp;<\/p>\n<p>&nbsp;<\/p>\n<p>&nbsp;<\/p>\n<p>Am Panasonic Stand schaute ich mir die neue Panasonic GH3 an und hatte direkt die Gelegenheit die Kamera in die Hand zunehmen und ein paar Filmaufnahmen zu machen. Leider konnte ich meine eigene Karte nicht in der Kamera platzieren. Der erste Eindruck durch das Display ist sehr positiv. Das Touch-Display erreicht eine sch\u00f6ne Sch\u00e4rfe und stellt sich als sehr knackig dar. Die Kamera lief noch auf einer fr\u00fchen Firmware und &#8222;es seien noch nicht alle Features implementiert&#8220;. So soll bis zur finalen Version auch ein Fokus Peaking umgesetzt werden. Auf die weiteren technischen Details m\u00f6chte ich an dieser Stelle nicht eingehen, hier empfiehlt sich die Lekt\u00fcre auf den einschl\u00e4gigen Blogs im Internet.<\/p>\n<p><a href=\"http:\/\/www.ge-filmt.de\/wp-content\/uploads\/2012\/09\/IMG_5323.jpg\" rel=\"prettyPhoto[gallery-BrLe]\"><img loading=\"lazy\" decoding=\"async\" class=\"size-thumbnail wp-image-1487 alignright\" title=\"Ich lasse mir die Panasonic GH3 zeigen - hier mit einer Zeiss Cine Lens.\" src=\"http:\/\/www.ge-filmt.de\/wp-content\/uploads\/2012\/09\/IMG_5323-150x150.jpg\" alt=\"\" width=\"150\" height=\"150\" srcset=\"https:\/\/www.ge-filmt.de\/wp-content\/uploads\/2012\/09\/IMG_5323-150x150.jpg 150w, https:\/\/www.ge-filmt.de\/wp-content\/uploads\/2012\/09\/IMG_5323-300x300.jpg 300w\" sizes=\"auto, (max-width: 150px) 100vw, 150px\" \/><\/a><\/p>\n<p>Die Panasonic GH3 wirkte, trotz der fr\u00fchen Firmware-Version, schon sehr ausgereift und stabil. Dank dem Touch-Display konnte man auch z\u00fcgig durch die Men\u00fcs navigieren. Man darf gespannt sein wie die ersten Reviews ausfallen, wenn die Kamera p\u00fcnktlich zum Weihnachtsgesch\u00e4ft f\u00fcr rund 1200 Euro beim H\u00e4ndler steht.<\/p>\n<h2>Und sonst?&#8230;<\/h2>\n<p>F\u00fcr Kamerabegeisterte bietet die Photokina umfassende M\u00f6glichkeiten sich auf allen Gebieten (Stills als auch Film) umfassend zu informieren. Alle Details lassen sich hier gar nicht ausreichend zusammenfassen. Neben unterschiedlichen Kran- und Dollysystemen konnte ich auch verschiedene elektronische Viewfinder testen und Philip Bloom \u00fcber die Schulter schauen, als er ein Timelapse am A.F. Macrotec stand vorbereitete. Leider haben wir es nicht mehr zum Zeiss Stand geschafft, hier h\u00e4tte sich die M\u00f6glichkeit geboten die Blackmagic Cinema Kamera zu testen. Aber es wird sich sicher in naher oder ferner Zukunft eine weitere M\u00f6glichkeit ergeben, dies zu tun. Abschlie\u00dfend findet ihr noch eine Gallery mit weiteren Eindr\u00fccken zur Photokina 2012. Das Video am Ende zeigt einige bewegte Bilder, die ich mit den zuvor erw\u00e4hnten Linsen schie\u00dfen konnte.<\/p>\n<h2>Gallery zur Photokina 2012<\/h2>\n<!-- index.php -->\n<div\n\tclass=\"ngg-galleryoverview ngg-ajax-pagination-none\"\n\tid=\"ngg-gallery-38d2aaeb725674aa076975dea254b56d-1\">\n\n    \t<div class=\"slideshowlink\">\n        <a href='https:\/\/www.ge-filmt.de\/index.php\/nggallery\/slideshow?p=1451'>[Show as slideshow]<\/a>\n\t\t\n\t<\/div>\n\t\t\t<!-- Thumbnails -->\n\t\t\t\t<div id=\"ngg-image-0\" class=\"ngg-gallery-thumbnail-box\" >\n\t\t\t\t        <div class=\"ngg-gallery-thumbnail\">\n            <a href=\"https:\/\/www.ge-filmt.de\/wp-content\/gallery\/photokina-2012\/d24a0024.jpg\"\n               title=\"\"\n               data-src=\"https:\/\/www.ge-filmt.de\/wp-content\/gallery\/photokina-2012\/d24a0024.jpg\"\n               data-thumbnail=\"https:\/\/www.ge-filmt.de\/wp-content\/gallery\/photokina-2012\/thumbs\/thumbs_d24a0024.jpg\"\n               data-image-id=\"1\"\n               data-title=\"Produktfotografie im Jahr 2012\"\n               data-description=\"\"\n               data-image-slug=\"produktfotografie-im-jahr-2012\"\n               >\n                <img\n                    title=\"Produktfotografie im Jahr 2012\"\n                    alt=\"Produktfotografie im Jahr 2012\"\n                    src=\"https:\/\/www.ge-filmt.de\/wp-content\/gallery\/photokina-2012\/thumbs\/thumbs_d24a0024.jpg\"\n                    width=\"100\"\n                    height=\"75\"\n                    style=\"max-width:100%;\"\n                \/>\n            <\/a>\n        <\/div>\n\t\t\t\t\t\t\t<\/div> \n\t\t\t\n        \n\t\t\t\t<div id=\"ngg-image-1\" class=\"ngg-gallery-thumbnail-box\" >\n\t\t\t\t        <div class=\"ngg-gallery-thumbnail\">\n            <a href=\"https:\/\/www.ge-filmt.de\/wp-content\/gallery\/photokina-2012\/d24a0028_0.jpg\"\n               title=\"\"\n               data-src=\"https:\/\/www.ge-filmt.de\/wp-content\/gallery\/photokina-2012\/d24a0028_0.jpg\"\n               data-thumbnail=\"https:\/\/www.ge-filmt.de\/wp-content\/gallery\/photokina-2012\/thumbs\/thumbs_d24a0028_0.jpg\"\n               data-image-id=\"4\"\n               data-title=\"Samsung Messe Stand\"\n               data-description=\"\"\n               data-image-slug=\"samsung-messe-stand\"\n               >\n                <img\n                    title=\"Samsung Messe Stand\"\n                    alt=\"Samsung Messe Stand\"\n                    src=\"https:\/\/www.ge-filmt.de\/wp-content\/gallery\/photokina-2012\/thumbs\/thumbs_d24a0028_0.jpg\"\n                    width=\"100\"\n                    height=\"75\"\n                    style=\"max-width:100%;\"\n                \/>\n            <\/a>\n        <\/div>\n\t\t\t\t\t\t\t<\/div> \n\t\t\t\n        \n\t\t\t\t<div id=\"ngg-image-2\" class=\"ngg-gallery-thumbnail-box\" >\n\t\t\t\t        <div class=\"ngg-gallery-thumbnail\">\n            <a href=\"https:\/\/www.ge-filmt.de\/wp-content\/gallery\/photokina-2012\/d24a0052.jpg\"\n               title=\"\"\n               data-src=\"https:\/\/www.ge-filmt.de\/wp-content\/gallery\/photokina-2012\/d24a0052.jpg\"\n               data-thumbnail=\"https:\/\/www.ge-filmt.de\/wp-content\/gallery\/photokina-2012\/thumbs\/thumbs_d24a0052.jpg\"\n               data-image-id=\"5\"\n               data-title=\"Canon EOS C100\"\n               data-description=\"\"\n               data-image-slug=\"canon-eos-c100\"\n               >\n                <img\n                    title=\"Canon EOS C100\"\n                    alt=\"Canon EOS C100\"\n                    src=\"https:\/\/www.ge-filmt.de\/wp-content\/gallery\/photokina-2012\/thumbs\/thumbs_d24a0052.jpg\"\n                    width=\"100\"\n                    height=\"75\"\n                    style=\"max-width:100%;\"\n                \/>\n            <\/a>\n        <\/div>\n\t\t\t\t\t\t\t<\/div> \n\t\t\t\n        \n\t\t\t\t<div id=\"ngg-image-3\" class=\"ngg-gallery-thumbnail-box\" >\n\t\t\t\t        <div class=\"ngg-gallery-thumbnail\">\n            <a href=\"https:\/\/www.ge-filmt.de\/wp-content\/gallery\/photokina-2012\/d24a0056.jpg\"\n               title=\"\"\n               data-src=\"https:\/\/www.ge-filmt.de\/wp-content\/gallery\/photokina-2012\/d24a0056.jpg\"\n               data-thumbnail=\"https:\/\/www.ge-filmt.de\/wp-content\/gallery\/photokina-2012\/thumbs\/thumbs_d24a0056.jpg\"\n               data-image-id=\"7\"\n               data-title=\"AF Macrotec Stand\"\n               data-description=\"\"\n               data-image-slug=\"af-macrotec-stand\"\n               >\n                <img\n                    title=\"AF Macrotec Stand\"\n                    alt=\"AF Macrotec Stand\"\n                    src=\"https:\/\/www.ge-filmt.de\/wp-content\/gallery\/photokina-2012\/thumbs\/thumbs_d24a0056.jpg\"\n                    width=\"100\"\n                    height=\"75\"\n                    style=\"max-width:100%;\"\n                \/>\n            <\/a>\n        <\/div>\n\t\t\t\t\t\t\t<\/div> \n\t\t\t\n        \n\t\t\t\t<div id=\"ngg-image-4\" class=\"ngg-gallery-thumbnail-box\" >\n\t\t\t\t        <div class=\"ngg-gallery-thumbnail\">\n            <a href=\"https:\/\/www.ge-filmt.de\/wp-content\/gallery\/photokina-2012\/d24a0065.jpg\"\n               title=\"\"\n               data-src=\"https:\/\/www.ge-filmt.de\/wp-content\/gallery\/photokina-2012\/d24a0065.jpg\"\n               data-thumbnail=\"https:\/\/www.ge-filmt.de\/wp-content\/gallery\/photokina-2012\/thumbs\/thumbs_d24a0065.jpg\"\n               data-image-id=\"8\"\n               data-title=\"Philip Bloom und ich\"\n               data-description=\"\"\n               data-image-slug=\"philip-bloom-und-ich\"\n               >\n                <img\n                    title=\"Philip Bloom und ich\"\n                    alt=\"Philip Bloom und ich\"\n                    src=\"https:\/\/www.ge-filmt.de\/wp-content\/gallery\/photokina-2012\/thumbs\/thumbs_d24a0065.jpg\"\n                    width=\"100\"\n                    height=\"75\"\n                    style=\"max-width:100%;\"\n                \/>\n            <\/a>\n        <\/div>\n\t\t\t\t\t\t\t<\/div> \n\t\t\t\n        \n\t\t\t\t<div id=\"ngg-image-5\" class=\"ngg-gallery-thumbnail-box\" >\n\t\t\t\t        <div class=\"ngg-gallery-thumbnail\">\n            <a href=\"https:\/\/www.ge-filmt.de\/wp-content\/gallery\/photokina-2012\/d24a0066.jpg\"\n               title=\"\"\n               data-src=\"https:\/\/www.ge-filmt.de\/wp-content\/gallery\/photokina-2012\/d24a0066.jpg\"\n               data-thumbnail=\"https:\/\/www.ge-filmt.de\/wp-content\/gallery\/photokina-2012\/thumbs\/thumbs_d24a0066.jpg\"\n               data-image-id=\"9\"\n               data-title=\"Sarah Estela und Nino Leitner im Vortrag\"\n               data-description=\"\"\n               data-image-slug=\"sarah-estela-und-nino-leitner-im-vortrag\"\n               >\n                <img\n                    title=\"Sarah Estela und Nino Leitner im Vortrag\"\n                    alt=\"Sarah Estela und Nino Leitner im Vortrag\"\n                    src=\"https:\/\/www.ge-filmt.de\/wp-content\/gallery\/photokina-2012\/thumbs\/thumbs_d24a0066.jpg\"\n                    width=\"100\"\n                    height=\"75\"\n                    style=\"max-width:100%;\"\n                \/>\n            <\/a>\n        <\/div>\n\t\t\t\t\t\t\t<\/div> \n\t\t\t\n        \n\t\t\t\t<div id=\"ngg-image-6\" class=\"ngg-gallery-thumbnail-box\" >\n\t\t\t\t        <div class=\"ngg-gallery-thumbnail\">\n            <a href=\"https:\/\/www.ge-filmt.de\/wp-content\/gallery\/photokina-2012\/d24a0070.jpg\"\n               title=\"\"\n               data-src=\"https:\/\/www.ge-filmt.de\/wp-content\/gallery\/photokina-2012\/d24a0070.jpg\"\n               data-thumbnail=\"https:\/\/www.ge-filmt.de\/wp-content\/gallery\/photokina-2012\/thumbs\/thumbs_d24a0070.jpg\"\n               data-image-id=\"10\"\n               data-title=\"Kessler Pocket Dollys werden pr\u00e4sentiert\"\n               data-description=\"\"\n               data-image-slug=\"kessler-pocket-dollys-werden-prasentiert\"\n               >\n                <img\n                    title=\"Kessler Pocket Dollys werden pr\u00e4sentiert\"\n                    alt=\"Kessler Pocket Dollys werden pr\u00e4sentiert\"\n                    src=\"https:\/\/www.ge-filmt.de\/wp-content\/gallery\/photokina-2012\/thumbs\/thumbs_d24a0070.jpg\"\n                    width=\"100\"\n                    height=\"75\"\n                    style=\"max-width:100%;\"\n                \/>\n            <\/a>\n        <\/div>\n\t\t\t\t\t\t\t<\/div> \n\t\t\t\n        \n\t\t\t\t<div id=\"ngg-image-7\" class=\"ngg-gallery-thumbnail-box\" >\n\t\t\t\t        <div class=\"ngg-gallery-thumbnail\">\n            <a href=\"https:\/\/www.ge-filmt.de\/wp-content\/gallery\/photokina-2012\/d24a8419.jpg\"\n               title=\"\"\n               data-src=\"https:\/\/www.ge-filmt.de\/wp-content\/gallery\/photokina-2012\/d24a8419.jpg\"\n               data-thumbnail=\"https:\/\/www.ge-filmt.de\/wp-content\/gallery\/photokina-2012\/thumbs\/thumbs_d24a8419.jpg\"\n               data-image-id=\"11\"\n               data-title=\"Canon Stand - Cinema Series\"\n               data-description=\"\"\n               data-image-slug=\"canon-stand-cinema-series\"\n               >\n                <img\n                    title=\"Canon Stand - Cinema Series\"\n                    alt=\"Canon Stand - Cinema Series\"\n                    src=\"https:\/\/www.ge-filmt.de\/wp-content\/gallery\/photokina-2012\/thumbs\/thumbs_d24a8419.jpg\"\n                    width=\"100\"\n                    height=\"75\"\n                    style=\"max-width:100%;\"\n                \/>\n            <\/a>\n        <\/div>\n\t\t\t\t\t\t\t<\/div> \n\t\t\t\n        \n\t\t\t\t<div id=\"ngg-image-8\" class=\"ngg-gallery-thumbnail-box\" >\n\t\t\t\t        <div class=\"ngg-gallery-thumbnail\">\n            <a href=\"https:\/\/www.ge-filmt.de\/wp-content\/gallery\/photokina-2012\/d24a8423.jpg\"\n               title=\"\"\n               data-src=\"https:\/\/www.ge-filmt.de\/wp-content\/gallery\/photokina-2012\/d24a8423.jpg\"\n               data-thumbnail=\"https:\/\/www.ge-filmt.de\/wp-content\/gallery\/photokina-2012\/thumbs\/thumbs_d24a8423.jpg\"\n               data-image-id=\"12\"\n               data-title=\"Canon Drucker der Pro Serie\"\n               data-description=\"\"\n               data-image-slug=\"canon-drucker-der-pro-serie\"\n               >\n                <img\n                    title=\"Canon Drucker der Pro Serie\"\n                    alt=\"Canon Drucker der Pro Serie\"\n                    src=\"https:\/\/www.ge-filmt.de\/wp-content\/gallery\/photokina-2012\/thumbs\/thumbs_d24a8423.jpg\"\n                    width=\"100\"\n                    height=\"75\"\n                    style=\"max-width:100%;\"\n                \/>\n            <\/a>\n        <\/div>\n\t\t\t\t\t\t\t<\/div> \n\t\t\t\n        \n\t\t\t\t<div id=\"ngg-image-9\" class=\"ngg-gallery-thumbnail-box\" >\n\t\t\t\t        <div class=\"ngg-gallery-thumbnail\">\n            <a href=\"https:\/\/www.ge-filmt.de\/wp-content\/gallery\/photokina-2012\/d24a8424.jpg\"\n               title=\"\"\n               data-src=\"https:\/\/www.ge-filmt.de\/wp-content\/gallery\/photokina-2012\/d24a8424.jpg\"\n               data-thumbnail=\"https:\/\/www.ge-filmt.de\/wp-content\/gallery\/photokina-2012\/thumbs\/thumbs_d24a8424.jpg\"\n               data-image-id=\"13\"\n               data-title=\"Canon Messestand - Ein \u00dcberblick\"\n               data-description=\"\"\n               data-image-slug=\"canon-messestand-ein-uberblick\"\n               >\n                <img\n                    title=\"Canon Messestand - Ein \u00dcberblick\"\n                    alt=\"Canon Messestand - Ein \u00dcberblick\"\n                    src=\"https:\/\/www.ge-filmt.de\/wp-content\/gallery\/photokina-2012\/thumbs\/thumbs_d24a8424.jpg\"\n                    width=\"100\"\n                    height=\"75\"\n                    style=\"max-width:100%;\"\n                \/>\n            <\/a>\n        <\/div>\n\t\t\t\t\t\t\t<\/div> \n\t\t\t\n        \n\t\t\t\t<div id=\"ngg-image-10\" class=\"ngg-gallery-thumbnail-box\" >\n\t\t\t\t        <div class=\"ngg-gallery-thumbnail\">\n            <a href=\"https:\/\/www.ge-filmt.de\/wp-content\/gallery\/photokina-2012\/d24a8427.jpg\"\n               title=\"\"\n               data-src=\"https:\/\/www.ge-filmt.de\/wp-content\/gallery\/photokina-2012\/d24a8427.jpg\"\n               data-thumbnail=\"https:\/\/www.ge-filmt.de\/wp-content\/gallery\/photokina-2012\/thumbs\/thumbs_d24a8427.jpg\"\n               data-image-id=\"14\"\n               data-title=\"EOS C500\"\n               data-description=\"\"\n               data-image-slug=\"eos-c500\"\n               >\n                <img\n                    title=\"EOS C500\"\n                    alt=\"EOS C500\"\n                    src=\"https:\/\/www.ge-filmt.de\/wp-content\/gallery\/photokina-2012\/thumbs\/thumbs_d24a8427.jpg\"\n                    width=\"100\"\n                    height=\"75\"\n                    style=\"max-width:100%;\"\n                \/>\n            <\/a>\n        <\/div>\n\t\t\t\t\t\t\t<\/div> \n\t\t\t\n        \n\t\t\t\t<div id=\"ngg-image-11\" class=\"ngg-gallery-thumbnail-box\" >\n\t\t\t\t        <div class=\"ngg-gallery-thumbnail\">\n            <a href=\"https:\/\/www.ge-filmt.de\/wp-content\/gallery\/photokina-2012\/d24a8430.jpg\"\n               title=\"\"\n               data-src=\"https:\/\/www.ge-filmt.de\/wp-content\/gallery\/photokina-2012\/d24a8430.jpg\"\n               data-thumbnail=\"https:\/\/www.ge-filmt.de\/wp-content\/gallery\/photokina-2012\/thumbs\/thumbs_d24a8430.jpg\"\n               data-image-id=\"15\"\n               data-title=\"So sieht das Focus Peaking an der EOS C500 aus\"\n               data-description=\"\"\n               data-image-slug=\"so-sieht-das-focus-peaking-an-der-eos-c500-aus\"\n               >\n                <img\n                    title=\"So sieht das Focus Peaking an der EOS C500 aus\"\n                    alt=\"So sieht das Focus Peaking an der EOS C500 aus\"\n                    src=\"https:\/\/www.ge-filmt.de\/wp-content\/gallery\/photokina-2012\/thumbs\/thumbs_d24a8430.jpg\"\n                    width=\"100\"\n                    height=\"75\"\n                    style=\"max-width:100%;\"\n                \/>\n            <\/a>\n        <\/div>\n\t\t\t\t\t\t\t<\/div> \n\t\t\t\n        \n\t\t\t\t<div id=\"ngg-image-12\" class=\"ngg-gallery-thumbnail-box\" >\n\t\t\t\t        <div class=\"ngg-gallery-thumbnail\">\n            <a href=\"https:\/\/www.ge-filmt.de\/wp-content\/gallery\/photokina-2012\/d24a8451.jpg\"\n               title=\"\"\n               data-src=\"https:\/\/www.ge-filmt.de\/wp-content\/gallery\/photokina-2012\/d24a8451.jpg\"\n               data-thumbnail=\"https:\/\/www.ge-filmt.de\/wp-content\/gallery\/photokina-2012\/thumbs\/thumbs_d24a8451.jpg\"\n               data-image-id=\"16\"\n               data-title=\"Lowlight Test - Hier ein JPG aus meiner Cam bei ISO 6400\"\n               data-description=\"\"\n               data-image-slug=\"lowlight-test-hier-ein-jpg-aus-meiner-cam-bei-iso-6400\"\n               >\n                <img\n                    title=\"Lowlight Test - Hier ein JPG aus meiner Cam bei ISO 6400\"\n                    alt=\"Lowlight Test - Hier ein JPG aus meiner Cam bei ISO 6400\"\n                    src=\"https:\/\/www.ge-filmt.de\/wp-content\/gallery\/photokina-2012\/thumbs\/thumbs_d24a8451.jpg\"\n                    width=\"100\"\n                    height=\"75\"\n                    style=\"max-width:100%;\"\n                \/>\n            <\/a>\n        <\/div>\n\t\t\t\t\t\t\t<\/div> \n\t\t\t\n        \n\t\t\t\t<div id=\"ngg-image-13\" class=\"ngg-gallery-thumbnail-box\" >\n\t\t\t\t        <div class=\"ngg-gallery-thumbnail\">\n            <a href=\"https:\/\/www.ge-filmt.de\/wp-content\/gallery\/photokina-2012\/d24a8453.jpg\"\n               title=\"\"\n               data-src=\"https:\/\/www.ge-filmt.de\/wp-content\/gallery\/photokina-2012\/d24a8453.jpg\"\n               data-thumbnail=\"https:\/\/www.ge-filmt.de\/wp-content\/gallery\/photokina-2012\/thumbs\/thumbs_d24a8453.jpg\"\n               data-image-id=\"17\"\n               data-title=\"The world of images\"\n               data-description=\"\"\n               data-image-slug=\"the-world-of-images\"\n               >\n                <img\n                    title=\"The world of images\"\n                    alt=\"The world of images\"\n                    src=\"https:\/\/www.ge-filmt.de\/wp-content\/gallery\/photokina-2012\/thumbs\/thumbs_d24a8453.jpg\"\n                    width=\"100\"\n                    height=\"75\"\n                    style=\"max-width:100%;\"\n                \/>\n            <\/a>\n        <\/div>\n\t\t\t\t\t\t\t<\/div> \n\t\t\t\n        \n\t\t\t\t<div id=\"ngg-image-14\" class=\"ngg-gallery-thumbnail-box\" >\n\t\t\t\t        <div class=\"ngg-gallery-thumbnail\">\n            <a href=\"https:\/\/www.ge-filmt.de\/wp-content\/gallery\/photokina-2012\/img_0484.jpg\"\n               title=\"\"\n               data-src=\"https:\/\/www.ge-filmt.de\/wp-content\/gallery\/photokina-2012\/img_0484.jpg\"\n               data-thumbnail=\"https:\/\/www.ge-filmt.de\/wp-content\/gallery\/photokina-2012\/thumbs\/thumbs_img_0484.jpg\"\n               data-image-id=\"18\"\n               data-title=\"Am Walimex Stand\"\n               data-description=\"\"\n               data-image-slug=\"am-walimex-stand\"\n               >\n                <img\n                    title=\"Am Walimex Stand\"\n                    alt=\"Am Walimex Stand\"\n                    src=\"https:\/\/www.ge-filmt.de\/wp-content\/gallery\/photokina-2012\/thumbs\/thumbs_img_0484.jpg\"\n                    width=\"100\"\n                    height=\"75\"\n                    style=\"max-width:100%;\"\n                \/>\n            <\/a>\n        <\/div>\n\t\t\t\t\t\t\t<\/div> \n\t\t\t\n        \n\t\t\t\t<div id=\"ngg-image-15\" class=\"ngg-gallery-thumbnail-box\" >\n\t\t\t\t        <div class=\"ngg-gallery-thumbnail\">\n            <a href=\"https:\/\/www.ge-filmt.de\/wp-content\/gallery\/photokina-2012\/img_0508.jpg\"\n               title=\"\"\n               data-src=\"https:\/\/www.ge-filmt.de\/wp-content\/gallery\/photokina-2012\/img_0508.jpg\"\n               data-thumbnail=\"https:\/\/www.ge-filmt.de\/wp-content\/gallery\/photokina-2012\/thumbs\/thumbs_img_0508.jpg\"\n               data-image-id=\"19\"\n               data-title=\"Tamron Linsenschublade\"\n               data-description=\"\"\n               data-image-slug=\"tamron-linsenschublade\"\n               >\n                <img\n                    title=\"Tamron Linsenschublade\"\n                    alt=\"Tamron Linsenschublade\"\n                    src=\"https:\/\/www.ge-filmt.de\/wp-content\/gallery\/photokina-2012\/thumbs\/thumbs_img_0508.jpg\"\n                    width=\"100\"\n                    height=\"75\"\n                    style=\"max-width:100%;\"\n                \/>\n            <\/a>\n        <\/div>\n\t\t\t\t\t\t\t<\/div> \n\t\t\t\n        \n\t\t\t\t<div id=\"ngg-image-16\" class=\"ngg-gallery-thumbnail-box\" >\n\t\t\t\t        <div class=\"ngg-gallery-thumbnail\">\n            <a href=\"https:\/\/www.ge-filmt.de\/wp-content\/gallery\/photokina-2012\/img_0510.jpg\"\n               title=\"\"\n               data-src=\"https:\/\/www.ge-filmt.de\/wp-content\/gallery\/photokina-2012\/img_0510.jpg\"\n               data-thumbnail=\"https:\/\/www.ge-filmt.de\/wp-content\/gallery\/photokina-2012\/thumbs\/thumbs_img_0510.jpg\"\n               data-image-id=\"20\"\n               data-title=\"Sigma 800 mm Telelinse\"\n               data-description=\"\"\n               data-image-slug=\"sigma-800-mm-telelinse\"\n               >\n                <img\n                    title=\"Sigma 800 mm Telelinse\"\n                    alt=\"Sigma 800 mm Telelinse\"\n                    src=\"https:\/\/www.ge-filmt.de\/wp-content\/gallery\/photokina-2012\/thumbs\/thumbs_img_0510.jpg\"\n                    width=\"100\"\n                    height=\"75\"\n                    style=\"max-width:100%;\"\n                \/>\n            <\/a>\n        <\/div>\n\t\t\t\t\t\t\t<\/div> \n\t\t\t\n        \n\t\t\t\t<div id=\"ngg-image-17\" class=\"ngg-gallery-thumbnail-box\" >\n\t\t\t\t        <div class=\"ngg-gallery-thumbnail\">\n            <a href=\"https:\/\/www.ge-filmt.de\/wp-content\/gallery\/photokina-2012\/img_0523.jpg\"\n               title=\"\"\n               data-src=\"https:\/\/www.ge-filmt.de\/wp-content\/gallery\/photokina-2012\/img_0523.jpg\"\n               data-thumbnail=\"https:\/\/www.ge-filmt.de\/wp-content\/gallery\/photokina-2012\/thumbs\/thumbs_img_0523.jpg\"\n               data-image-id=\"21\"\n               data-title=\"Ich habe ein paar Testbilder mit der 800 mm Linse gemacht\"\n               data-description=\"\"\n               data-image-slug=\"ich-habe-ein-paar-testbilder-mit-der-800-mm-linse-gemacht\"\n               >\n                <img\n                    title=\"Ich habe ein paar Testbilder mit der 800 mm Linse gemacht\"\n                    alt=\"Ich habe ein paar Testbilder mit der 800 mm Linse gemacht\"\n                    src=\"https:\/\/www.ge-filmt.de\/wp-content\/gallery\/photokina-2012\/thumbs\/thumbs_img_0523.jpg\"\n                    width=\"100\"\n                    height=\"75\"\n                    style=\"max-width:100%;\"\n                \/>\n            <\/a>\n        <\/div>\n\t\t\t\t\t\t\t<\/div> \n\t\t\t\n        \n\t\t\t\t<div id=\"ngg-image-18\" class=\"ngg-gallery-thumbnail-box\" >\n\t\t\t\t        <div class=\"ngg-gallery-thumbnail\">\n            <a href=\"https:\/\/www.ge-filmt.de\/wp-content\/gallery\/photokina-2012\/img_0537.jpg\"\n               title=\"\"\n               data-src=\"https:\/\/www.ge-filmt.de\/wp-content\/gallery\/photokina-2012\/img_0537.jpg\"\n               data-thumbnail=\"https:\/\/www.ge-filmt.de\/wp-content\/gallery\/photokina-2012\/thumbs\/thumbs_img_0537.jpg\"\n               data-image-id=\"22\"\n               data-title=\"Steadi-Segway\"\n               data-description=\"\"\n               data-image-slug=\"steadi-segway\"\n               >\n                <img\n                    title=\"Steadi-Segway\"\n                    alt=\"Steadi-Segway\"\n                    src=\"https:\/\/www.ge-filmt.de\/wp-content\/gallery\/photokina-2012\/thumbs\/thumbs_img_0537.jpg\"\n                    width=\"100\"\n                    height=\"75\"\n                    style=\"max-width:100%;\"\n                \/>\n            <\/a>\n        <\/div>\n\t\t\t\t\t\t\t<\/div> \n\t\t\t\n        \n\t\t\t\t<div id=\"ngg-image-19\" class=\"ngg-gallery-thumbnail-box\" >\n\t\t\t\t        <div class=\"ngg-gallery-thumbnail\">\n            <a href=\"https:\/\/www.ge-filmt.de\/wp-content\/gallery\/photokina-2012\/img_5267.jpg\"\n               title=\"\"\n               data-src=\"https:\/\/www.ge-filmt.de\/wp-content\/gallery\/photokina-2012\/img_5267.jpg\"\n               data-thumbnail=\"https:\/\/www.ge-filmt.de\/wp-content\/gallery\/photokina-2012\/thumbs\/thumbs_img_5267.jpg\"\n               data-image-id=\"23\"\n               data-title=\"Canon Linse\"\n               data-description=\"\"\n               data-image-slug=\"canon-linse\"\n               >\n                <img\n                    title=\"Canon Linse\"\n                    alt=\"Canon Linse\"\n                    src=\"https:\/\/www.ge-filmt.de\/wp-content\/gallery\/photokina-2012\/thumbs\/thumbs_img_5267.jpg\"\n                    width=\"100\"\n                    height=\"75\"\n                    style=\"max-width:100%;\"\n                \/>\n            <\/a>\n        <\/div>\n\t\t\t\t\t\t\t<\/div> \n\t\t\t\n        \n\t\t\n\t\t<!-- Pagination -->\n\t<div class='ngg-navigation'><span class='current'>1<\/span>\n<a class='page-numbers' data-pageid='2' href='https:\/\/www.ge-filmt.de\/index.php\/nggallery\/page\/2?p=1451'>2<\/a>\n<a class='prev' href='https:\/\/www.ge-filmt.de\/index.php\/nggallery\/page\/2?p=1451' data-pageid=2>&#9658;<\/a><\/div>\t<\/div>\n\n<h2>\u00a0Video zur Photokina 2012<\/h2>\n<p><iframe loading=\"lazy\" src=\"http:\/\/player.vimeo.com\/video\/50070173?title=0&amp;byline=0&amp;portrait=0&amp;color=c2c2c2\" frameborder=\"0\" width=\"500\" height=\"281\"><\/iframe><\/p>\n","protected":false},"excerpt":{"rendered":"<p>Gestern konnte ich die letzte Chance nutzen und Michael\u00a0auf die Photokina 2012 begleiten. Voller Vorfreude machten wir uns am Morgen auf, um den Tag komplett auf der Messe zu verbringen. Im Schlepptau hatten wir unsere Kameras, um auch vor Ort diverse Linsen und M\u00f6glichkeiten direkt ausprobieren zu k\u00f6nnen. Im Folgenden&#8230;<\/p>\n","protected":false},"author":1,"featured_media":1468,"comment_status":"open","ping_status":"open","sticky":false,"template":"","format":"standard","meta":{"ngg_post_thumbnail":0,"jetpack_post_was_ever_published":false,"_jetpack_newsletter_access":"","_jetpack_dont_email_post_to_subs":false,"_jetpack_newsletter_tier_id":0,"_jetpack_memberships_contains_paywalled_content":false,"_jetpack_memberships_contains_paid_content":false,"footnotes":"","jetpack_publicize_message":"","jetpack_publicize_feature_enabled":true,"jetpack_social_post_already_shared":false,"jetpack_social_options":{"image_generator_settings":{"template":"highway","enabled":false},"version":2}},"categories":[5,4,6],"tags":[138,78,84,83,79,141,119,137,118,140,139],"class_list":{"0":"post-1451","1":"post","2":"type-post","3":"status-publish","4":"format-standard","5":"has-post-thumbnail","7":"category-bewegtes-bild","8":"category-neuigkeiten","9":"category-standbild","10":"tag-5d-mark-3","11":"tag-canon","12":"tag-equipment","13":"tag-hd","14":"tag-hdslr","15":"tag-messe","16":"tag-nex","17":"tag-photokina","18":"tag-sony","19":"tag-tamron","20":"tag-walimex"},"jetpack_publicize_connections":[],"jetpack_featured_media_url":"https:\/\/www.ge-filmt.de\/wp-content\/uploads\/2012\/09\/D24A8427.jpg","jetpack_shortlink":"https:\/\/wp.me\/p1f4rQ-np","jetpack_sharing_enabled":true,"_links":{"self":[{"href":"https:\/\/www.ge-filmt.de\/index.php?rest_route=\/wp\/v2\/posts\/1451","targetHints":{"allow":["GET"]}}],"collection":[{"href":"https:\/\/www.ge-filmt.de\/index.php?rest_route=\/wp\/v2\/posts"}],"about":[{"href":"https:\/\/www.ge-filmt.de\/index.php?rest_route=\/wp\/v2\/types\/post"}],"author":[{"embeddable":true,"href":"https:\/\/www.ge-filmt.de\/index.php?rest_route=\/wp\/v2\/users\/1"}],"replies":[{"embeddable":true,"href":"https:\/\/www.ge-filmt.de\/index.php?rest_route=%2Fwp%2Fv2%2Fcomments&post=1451"}],"version-history":[{"count":26,"href":"https:\/\/www.ge-filmt.de\/index.php?rest_route=\/wp\/v2\/posts\/1451\/revisions"}],"predecessor-version":[{"id":1507,"href":"https:\/\/www.ge-filmt.de\/index.php?rest_route=\/wp\/v2\/posts\/1451\/revisions\/1507"}],"wp:featuredmedia":[{"embeddable":true,"href":"https:\/\/www.ge-filmt.de\/index.php?rest_route=\/wp\/v2\/media\/1468"}],"wp:attachment":[{"href":"https:\/\/www.ge-filmt.de\/index.php?rest_route=%2Fwp%2Fv2%2Fmedia&parent=1451"}],"wp:term":[{"taxonomy":"category","embeddable":true,"href":"https:\/\/www.ge-filmt.de\/index.php?rest_route=%2Fwp%2Fv2%2Fcategories&post=1451"},{"taxonomy":"post_tag","embeddable":true,"href":"https:\/\/www.ge-filmt.de\/index.php?rest_route=%2Fwp%2Fv2%2Ftags&post=1451"}],"curies":[{"name":"wp","href":"https:\/\/api.w.org\/{rel}","templated":true}]}}