{"id":1561,"date":"2013-01-23T14:11:03","date_gmt":"2013-01-23T14:11:03","guid":{"rendered":"http:\/\/www.ge-filmt.de\/?p=1561"},"modified":"2013-01-23T14:20:57","modified_gmt":"2013-01-23T14:20:57","slug":"gopro-hero3-black-edition-der-erste-und-zweite-eindruck","status":"publish","type":"post","link":"https:\/\/www.ge-filmt.de\/?p=1561","title":{"rendered":"GoPro HERO3 Black Edition &#8211; Der erste und zweite Eindruck"},"content":{"rendered":"<p>Als GoPro mitte Oktober 2012 die neue Hero3 vorstellte fiel bei mir bereits der Groschen. Ich hatte zwar in den vergangenen zw\u00f6lf Monaten die Hero2 HD soweit aufger\u00fcstet, dass viele Features der neuen Hero3 vorhanden waren (Dive Case, Wifi BacPac), aber die verbesserte Bildqualit\u00e4t und die M\u00f6glichkeit von 50 bzw. 60 Frames bei Full HD lie\u00dfen sich nicht so einfach nachr\u00fcsten. F\u00fcr ein Upgrade kam nat\u00fcrlich nur die Hero3 in der Black Edition in Frage. Mitte Dezember war es dann soweit und die Hero3 Black Edition sollte die Ge-Filmt Kamerafamilie erweitern.<\/p>\n<p><a href=\"http:\/\/www.ge-filmt.de\/wp-content\/uploads\/2013\/01\/DSC09266.jpg\" rel=\"prettyPhoto[gallery-WBMf]\"><img loading=\"lazy\" decoding=\"async\" class=\"alignleft size-thumbnail wp-image-1562\" alt=\"GoPro Hero 3 Black Edition\" src=\"http:\/\/www.ge-filmt.de\/wp-content\/uploads\/2013\/01\/DSC09266-150x150.jpg\" width=\"150\" height=\"150\" srcset=\"https:\/\/www.ge-filmt.de\/wp-content\/uploads\/2013\/01\/DSC09266-150x150.jpg 150w, https:\/\/www.ge-filmt.de\/wp-content\/uploads\/2013\/01\/DSC09266-300x300.jpg 300w\" sizes=\"auto, (max-width: 150px) 100vw, 150px\" \/><\/a><\/p>\n<p>&nbsp;<\/p>\n<p>Die neue Hero3 kommt bereits ab Werk in einem Geh\u00e4use, das auch unter Wasser scharfe Bilder liefert. Eine WiFi Funktion inkl. Remote ist ebenfalls vorhanden. Die restlichen Produktmerkmale lasse ich an dieser Stelle einmal au\u00dfen vor. Diese lassen sich auch auf der <a href=\"http:\/\/gopro.com\/cameras\/hd-hero3-black-edition\" target=\"_blank\">offiziellen Homepage<\/a> nachlesen.<\/p>\n<p>&nbsp;<\/p>\n<h2>Erste Schritte<\/h2>\n<p>In typischer GoPro Manier muss man auch die Hero3 zun\u00e4chst einem Update unterziehen, bevor man in den Genuss aller versprochenen Features kommen kann. Laut GoPro sollen aber alle aktuell ausgelieferten Hero3 Black Editions \u00fcber dieses Update verf\u00fcgen. Da die GoPro Cineform Software die Hero3 noch nicht erkennt, ist man zu einem Update mittels Java Applet im Browser gezwungen. Hier lassen sich dann auch gleich der Name und das Kennwort f\u00fcr das von der Hero3 erstellte Wifi-Netz festlegen. Im Anschluss kann man die Hero3 problemlos mittels der Remote oder der iOS\/Android App steuern. Letzteres hat insbesondere den Vorteil, dass man einen direkten Zugriff auf alle Optionen erh\u00e4lt. Und hier sind gegen\u00fcber der Hero2 einige Neuerungen vorhanden. So lassen sich neben den zahlreichen Aufl\u00f6sungen und Framerate-Einstellungen auch der neue Burst-Rate Modus oder der &#8222;Continuous Shot&#8220; Modus einstellen.<\/p>\n<p><a href=\"http:\/\/www.ge-filmt.de\/wp-content\/uploads\/2013\/01\/IMG_3361.png\" rel=\"prettyPhoto[gallery-WBMf]\"><img loading=\"lazy\" decoding=\"async\" class=\"size-thumbnail wp-image-1567 alignleft\" alt=\"Die neuen Aufl\u00f6sungen der Hero 3 Black Edition\" src=\"http:\/\/www.ge-filmt.de\/wp-content\/uploads\/2013\/01\/IMG_3361-150x150.png\" width=\"150\" height=\"150\" srcset=\"https:\/\/www.ge-filmt.de\/wp-content\/uploads\/2013\/01\/IMG_3361-150x150.png 150w, https:\/\/www.ge-filmt.de\/wp-content\/uploads\/2013\/01\/IMG_3361-300x300.png 300w\" sizes=\"auto, (max-width: 150px) 100vw, 150px\" \/><\/a><a href=\"http:\/\/www.ge-filmt.de\/wp-content\/uploads\/2013\/01\/IMG_3360.png\" rel=\"prettyPhoto[gallery-WBMf]\"><img loading=\"lazy\" decoding=\"async\" class=\"size-thumbnail wp-image-1566 alignleft\" alt=\"Einstellungsmen\u00fc f\u00fcr die neue Hero3 Black Edition\" src=\"http:\/\/www.ge-filmt.de\/wp-content\/uploads\/2013\/01\/IMG_3360-150x150.png\" width=\"150\" height=\"150\" srcset=\"https:\/\/www.ge-filmt.de\/wp-content\/uploads\/2013\/01\/IMG_3360-150x150.png 150w, https:\/\/www.ge-filmt.de\/wp-content\/uploads\/2013\/01\/IMG_3360-300x300.png 300w\" sizes=\"auto, (max-width: 150px) 100vw, 150px\" \/><\/a><br \/>\nDer Wechsel funktioniert reibungslos und auch sonst konnte ich w\u00e4hrend der ersten k\u00fcrzeren Eins\u00e4tze keine schwerwiegenden Probleme feststellen. Auf einem Kurzausflug nach K\u00f6ln kam die GoPro dann zum ersten Einsatz und der 2.7K Modus konnte zeigen was er kann. Auch im Bereich LowLight hat sich das Bild merklich gebessert.<\/p>\n<h2>Das erste kurze Video<\/h2>\n<p><iframe loading=\"lazy\" src=\"http:\/\/player.vimeo.com\/video\/56103053?title=0&amp;byline=0&amp;portrait=0&amp;color=c2c2c2\" height=\"281\" width=\"500\" allowfullscreen=\"\" frameborder=\"0\"><\/iframe><\/p>\n<p>Bei der Sichtung der Aufnahmen fiel dann auch direkt auf, dass bei einsetzender D\u00e4mmerung der ProTune Modus nicht mehr zu gebrauchen ist. In den dunklen Bildanteilen (Shadows) kommt es vermehrt zum Rauschen. Dieser Eindruck sollte ich bei weiteren Testaufnahmen bewahrheiten und es kehrte ein erste Ern\u00fcchterung ein.<\/p>\n<h2>Die zweiten Schritte &#8211; &#8222;a cinematic effort&#8220;<\/h2>\n<p>Dieser Ern\u00fcchterung verflog allerdings sehr schnell, als mir der folgende <a href=\"http:\/\/abekislevitz.com\/understanding-your-new-gopro\/\" target=\"_blank\">Artikel von Abe Kislevitz<\/a>\u00a0unter die Nase kam. Abe Kislevitz, mitverantwortlich bei der Entstehung des Hero3 Launch Videos, fasst mit seinem Artikel &#8222;Understanding your new GoPro&#8220; alle Bildmodi der Hero3 Black Edition zusammen. Er erkl\u00e4rt kurz wie das Bild vom Sensor gelesen wird und welche Schlussfolgerungen man f\u00fcr das bestm\u00f6gliche Bild ziehen kann. Ich empfehlen jedem GoPro Hero3 Black Edition Besitzer diesen Artikel zu lesen. Mit dem Wissen aus diesem Artikel zog ich ein weiteres Mal los. Ich wollte wissen, wie gut sich die Hero3 Aufnahmen in einer Farbkorrektur behaupten und wie &#8222;cineastisch&#8220; das Bild wirken kann. Hierzu montierte ich die GoPro auf meinem kleinen Indieslider und schoss einige Aufnahmen auf einem ehemaligen Zechengel\u00e4nde. Der Artikel von Abe Kislevitz beschreibt insbesondere den 1080p60 Modus mit der Blickwinkeleinstellung &#8222;Medium&#8220; als einen der Besten. Mit exakt diesem Modus wollte ich also einige Aufnahmen machen. Da die Aufnahmen am Tag enstanden entschied ich mich ProTune zu nutzen (auch um so die h\u00f6here Bitrate zu erhalten). Der Wei\u00dfabgleich, der sich mit in der Hero3 ebenfalls einstellen l\u00e4sst, setze ich auf &#8222;Camera raw&#8220; fest.\u00a0Das folgende Bild zeigt zun\u00e4chst drei Screenshots aus dem vorhanden Bildmaterial. Es ist bereits Farbkorrigiert und leicht gesch\u00e4rft.<\/p>\n<p><a href=\"http:\/\/www.ge-filmt.de\/wp-content\/uploads\/2013\/01\/gopro_cinematic.jpg\" rel=\"prettyPhoto[gallery-WBMf]\"><img loading=\"lazy\" decoding=\"async\" class=\"alignleft size-thumbnail wp-image-1578\" alt=\"GoPro Hero 3 - cinematic effort\" src=\"http:\/\/www.ge-filmt.de\/wp-content\/uploads\/2013\/01\/gopro_cinematic-150x150.jpg\" width=\"150\" height=\"150\" srcset=\"https:\/\/www.ge-filmt.de\/wp-content\/uploads\/2013\/01\/gopro_cinematic-150x150.jpg 150w, https:\/\/www.ge-filmt.de\/wp-content\/uploads\/2013\/01\/gopro_cinematic-300x300.jpg 300w\" sizes=\"auto, (max-width: 150px) 100vw, 150px\" \/><\/a><\/p>\n<p>&nbsp;<\/p>\n<p>&nbsp;<\/p>\n<p>&nbsp;<\/p>\n<p>&nbsp;<\/p>\n<p>&nbsp;<\/p>\n<p>Hier und da hatte die Cam noch Probleme mit der tiefstehenden Sonne, als ich das Material aber betrachtete war ich begeistert. Es wirkt tats\u00e4chlich nicht mehr so<br \/>\n&#8222;GoPro-ie&#8220; und ich k\u00f6nnte mir vorstellen, dass man dieses Material auch sehr gut mit DSLR Aufnahmen mixen k\u00f6nnte. Der folgende Clip zeigt die bewegten Bilder. Hier sind auch 2 Timelapse-Reihen eingebaut. Dank der neuen 12 MPixel Fotos hat man hier gen\u00fcgend Spielraum um eine Bewegung in der Post zu erzeugen.<\/p>\n<p><iframe loading=\"lazy\" src=\"http:\/\/player.vimeo.com\/video\/57267887?title=0&amp;byline=0&amp;portrait=0&amp;color=c2c2c2\" height=\"281\" width=\"500\" allowfullscreen=\"\" frameborder=\"0\"><\/iframe><\/p>\n<h2>Fazit<\/h2>\n<p>Die Anschaffung der Hero3 ist insofern lohnenswert, wenn man durch die neuen Aufl\u00f6sungen und Frameraten einen Vorteil erzielt. Dies erfordert nat\u00fcrlich meist eine gewisse \u00a0Nachbearbeitung. Man wird aber mit tollen Bildern, die sich auch zu super Zeitlupen verarbeiten lassen, belohnt. Doch wo viel Licht ist, findet sich auch Schatten. Der neue Akku der Hero3 hat eine geringere Kapazit\u00e4t als der, der Hero2. Was sich die GoPro Ingenieure dabei gedacht haben ist mir schleierhaft. Es ist zu vermuten, dass man weitere Akkus oder das Battery BacPac \u00a0verkaufen m\u00f6chte. Mit aktivem WiFi und einer AufL\u00f6sung von 2.7K h\u00e4lt meine GoPro keine 60 Minuten am St\u00fcck mehr durch. Dies ist besonders in feuchten Umgebungen (zum Beispiel beim Tauchen) ein Problem, denn hier kann man h\u00e4ufig nur erschwert einen Akkuwechsel vornehmen. Dennoch ist die Hero3 Black Edition eine der besten Action Cams und die neuen Aufl\u00f6sungen machen verdammt viel Spa\u00df.<\/p>\n<p>Ich hoffe, dass ich im Fr\u00fchjahr weitere Actionshots aufnehmen kann. Dann kann die Hero3 Black Edition bei besserem Wetter, so hoffe ich, ihre Tr\u00fcmpfe noch besser ausspielen.<\/p>\n","protected":false},"excerpt":{"rendered":"<p>Als GoPro mitte Oktober 2012 die neue Hero3 vorstellte fiel bei mir bereits der Groschen. Ich hatte zwar in den vergangenen zw\u00f6lf Monaten die Hero2 HD soweit aufger\u00fcstet, dass viele Features der neuen Hero3 vorhanden waren (Dive Case, Wifi BacPac), aber die verbesserte Bildqualit\u00e4t und die M\u00f6glichkeit von 50 bzw&#8230;.<\/p>\n","protected":false},"author":1,"featured_media":1585,"comment_status":"open","ping_status":"open","sticky":false,"template":"","format":"standard","meta":{"ngg_post_thumbnail":0,"jetpack_post_was_ever_published":false,"_jetpack_newsletter_access":"","_jetpack_dont_email_post_to_subs":false,"_jetpack_newsletter_tier_id":0,"_jetpack_memberships_contains_paywalled_content":false,"_jetpack_memberships_contains_paid_content":false,"footnotes":"","jetpack_publicize_message":"","jetpack_publicize_feature_enabled":true,"jetpack_social_post_already_shared":true,"jetpack_social_options":{"image_generator_settings":{"template":"highway","enabled":false},"version":2}},"categories":[5,4,55],"tags":[151,84,95,142,150,92],"class_list":{"0":"post-1561","1":"post","2":"type-post","3":"status-publish","4":"format-standard","5":"has-post-thumbnail","7":"category-bewegtes-bild","8":"category-neuigkeiten","9":"category-tech-news","10":"tag-black-edition","11":"tag-equipment","12":"tag-film","13":"tag-gopro","14":"tag-hero3","15":"tag-work-2"},"jetpack_publicize_connections":[],"jetpack_featured_media_url":"https:\/\/www.ge-filmt.de\/wp-content\/uploads\/2013\/01\/DSC09305-3.jpg","jetpack_shortlink":"https:\/\/wp.me\/p1f4rQ-pb","jetpack_sharing_enabled":true,"_links":{"self":[{"href":"https:\/\/www.ge-filmt.de\/index.php?rest_route=\/wp\/v2\/posts\/1561","targetHints":{"allow":["GET"]}}],"collection":[{"href":"https:\/\/www.ge-filmt.de\/index.php?rest_route=\/wp\/v2\/posts"}],"about":[{"href":"https:\/\/www.ge-filmt.de\/index.php?rest_route=\/wp\/v2\/types\/post"}],"author":[{"embeddable":true,"href":"https:\/\/www.ge-filmt.de\/index.php?rest_route=\/wp\/v2\/users\/1"}],"replies":[{"embeddable":true,"href":"https:\/\/www.ge-filmt.de\/index.php?rest_route=%2Fwp%2Fv2%2Fcomments&post=1561"}],"version-history":[{"count":24,"href":"https:\/\/www.ge-filmt.de\/index.php?rest_route=\/wp\/v2\/posts\/1561\/revisions"}],"predecessor-version":[{"id":1590,"href":"https:\/\/www.ge-filmt.de\/index.php?rest_route=\/wp\/v2\/posts\/1561\/revisions\/1590"}],"wp:featuredmedia":[{"embeddable":true,"href":"https:\/\/www.ge-filmt.de\/index.php?rest_route=\/wp\/v2\/media\/1585"}],"wp:attachment":[{"href":"https:\/\/www.ge-filmt.de\/index.php?rest_route=%2Fwp%2Fv2%2Fmedia&parent=1561"}],"wp:term":[{"taxonomy":"category","embeddable":true,"href":"https:\/\/www.ge-filmt.de\/index.php?rest_route=%2Fwp%2Fv2%2Fcategories&post=1561"},{"taxonomy":"post_tag","embeddable":true,"href":"https:\/\/www.ge-filmt.de\/index.php?rest_route=%2Fwp%2Fv2%2Ftags&post=1561"}],"curies":[{"name":"wp","href":"https:\/\/api.w.org\/{rel}","templated":true}]}}