{"id":2963,"date":"2015-02-01T13:51:47","date_gmt":"2015-02-01T13:51:47","guid":{"rendered":"http:\/\/www.ge-filmt.de\/?p=2963"},"modified":"2016-01-03T15:48:12","modified_gmt":"2016-01-03T15:48:12","slug":"update-im-portfolio","status":"publish","type":"post","link":"https:\/\/www.ge-filmt.de\/?p=2963","title":{"rendered":"Update im Portfolio"},"content":{"rendered":"[vc_row type=&#8220;in_container&#8220; bg_position=&#8220;left top&#8220; bg_repeat=&#8220;no-repeat&#8220; scene_position=&#8220;center&#8220; text_color=&#8220;dark&#8220; text_align=&#8220;left&#8220;][vc_column][vc_column_text]Wir haben ein kleines Update des Portfolios durchgef\u00fchrt und es gibt einige neue Clips zu entdecken. Unter anderem findet Ihr nun auch das neue Showreel 2015 sowie das erste Projekt des Jahres f\u00fcr G&amp;B Design auf der Seite.<\/p>\n<p>Wir w\u00fcnschen viel Spa\u00df beim St\u00f6bern.<\/p>\n<p><a title=\"Ge-filmt Portfolio\" href=\"http:\/\/www.ge-filmt.de\/?page_id=2061\">Zum Portfolio<\/a>[\/vc_column_text][\/vc_column][\/vc_row]\n","protected":false},"excerpt":{"rendered":"<p>[vc_row type=&#8220;in_container&#8220; bg_position=&#8220;left top&#8220; bg_repeat=&#8220;no-repeat&#8220; scene_position=&#8220;center&#8220; text_color=&#8220;dark&#8220; text_align=&#8220;left&#8220;][vc_column][vc_column_text]Wir haben ein kleines Update des Portfolios durchgef\u00fchrt und es gibt einige neue Clips zu entdecken. Unter anderem findet Ihr nun auch das neue Showreel 2015 sowie das erste Projekt des Jahres f\u00fcr G&amp;B Design auf der Seite. Wir w\u00fcnschen viel Spa\u00df beim&#8230;<\/p>\n","protected":false},"author":1,"featured_media":2964,"comment_status":"open","ping_status":"open","sticky":false,"template":"","format":"standard","meta":{"ngg_post_thumbnail":0,"jetpack_post_was_ever_published":false,"_jetpack_newsletter_access":"","_jetpack_dont_email_post_to_subs":false,"_jetpack_newsletter_tier_id":0,"_jetpack_memberships_contains_paywalled_content":false,"_jetpack_memberships_contains_paid_content":false,"footnotes":"","jetpack_publicize_message":"","jetpack_publicize_feature_enabled":true,"jetpack_social_post_already_shared":true,"jetpack_social_options":{"image_generator_settings":{"template":"highway","enabled":false},"version":2}},"categories":[212,5,4],"tags":[78,84,124,216,83,79,81,225,246,224,92],"class_list":{"0":"post-2963","1":"post","2":"type-post","3":"status-publish","4":"format-standard","5":"has-post-thumbnail","7":"category-4k","8":"category-bewegtes-bild","9":"category-neuigkeiten","10":"tag-canon","11":"tag-equipment","12":"tag-final-cut-pro-x","13":"tag-gh4","14":"tag-hd","15":"tag-hdslr","16":"tag-magic-lantern","17":"tag-ruhrpott","18":"tag-showreel","19":"tag-videofilmer","20":"tag-work-2"},"jetpack_publicize_connections":[],"jetpack_featured_media_url":"https:\/\/www.ge-filmt.de\/wp-content\/uploads\/2015\/02\/Benz_Post.jpg","jetpack_shortlink":"https:\/\/wp.me\/p1f4rQ-LN","jetpack_sharing_enabled":true,"_links":{"self":[{"href":"https:\/\/www.ge-filmt.de\/index.php?rest_route=\/wp\/v2\/posts\/2963","targetHints":{"allow":["GET"]}}],"collection":[{"href":"https:\/\/www.ge-filmt.de\/index.php?rest_route=\/wp\/v2\/posts"}],"about":[{"href":"https:\/\/www.ge-filmt.de\/index.php?rest_route=\/wp\/v2\/types\/post"}],"author":[{"embeddable":true,"href":"https:\/\/www.ge-filmt.de\/index.php?rest_route=\/wp\/v2\/users\/1"}],"replies":[{"embeddable":true,"href":"https:\/\/www.ge-filmt.de\/index.php?rest_route=%2Fwp%2Fv2%2Fcomments&post=2963"}],"version-history":[{"count":3,"href":"https:\/\/www.ge-filmt.de\/index.php?rest_route=\/wp\/v2\/posts\/2963\/revisions"}],"predecessor-version":[{"id":2967,"href":"https:\/\/www.ge-filmt.de\/index.php?rest_route=\/wp\/v2\/posts\/2963\/revisions\/2967"}],"wp:featuredmedia":[{"embeddable":true,"href":"https:\/\/www.ge-filmt.de\/index.php?rest_route=\/wp\/v2\/media\/2964"}],"wp:attachment":[{"href":"https:\/\/www.ge-filmt.de\/index.php?rest_route=%2Fwp%2Fv2%2Fmedia&parent=2963"}],"wp:term":[{"taxonomy":"category","embeddable":true,"href":"https:\/\/www.ge-filmt.de\/index.php?rest_route=%2Fwp%2Fv2%2Fcategories&post=2963"},{"taxonomy":"post_tag","embeddable":true,"href":"https:\/\/www.ge-filmt.de\/index.php?rest_route=%2Fwp%2Fv2%2Ftags&post=2963"}],"curies":[{"name":"wp","href":"https:\/\/api.w.org\/{rel}","templated":true}]}}