{"id":2968,"date":"2015-02-08T14:23:58","date_gmt":"2015-02-08T14:23:58","guid":{"rendered":"http:\/\/www.ge-filmt.de\/?p=2968"},"modified":"2016-01-03T15:48:05","modified_gmt":"2016-01-03T15:48:05","slug":"ein-blick-hinter-die-ge-filmt-kulissen-ein-car-portraits-entsteht","status":"publish","type":"post","link":"https:\/\/www.ge-filmt.de\/?p=2968","title":{"rendered":"Ein Blick hinter die ge-filmt Kulissen &#8211; Ein Car Portraits entsteht"},"content":{"rendered":"<p>In der Vergangenheit haben wir schon des \u00f6fteren sogenannte <a href=\"https:\/\/vimeo.com\/91542744\" target=\"_blank\">&#8222;behind the scenes&#8220; Clips<\/a> f\u00fcr <a href=\"https:\/\/www.facebook.com\/Michael.T.K.Photography?fref=ts\" target=\"_blank\">MTK-Photography<\/a> erstellt. Dabei begleiten wir Michael w\u00e4hrend eines Shootings mit der Kamera und geben so den Blick hinter die Kamera frei. Dieses Mal war es Michael, der die Arbeit w\u00e4hrend eines kleinen Drehs mit der Kamera begleitet hat.<\/p>\n<p>F\u00fcr <a href=\"https:\/\/www.facebook.com\/gnbdesign?fref=ts\" target=\"_blank\">G&amp;B Design<\/a> aus Recklinghausen entstand ein weiteres Car Portraits f\u00fcr das &#8222;GBS 63 Widebody Aerodynamic Package&#8220; an einer Mercedes Benz S-Klasse. Diese Videos sollen in rund 60-90 Sekunden einen bewegten Eindruck des Bodykits vermitteln und werden vom Kunden auf seiner Facebookseite sowie im Youtube Kanal genutzt. Das Video wurde mittlerweile 414x &#8222;geliked&#8220; und 61 mal geteilt. An dieser Stelle vielen Dank f\u00fcr das Vertrauen.<\/p>\n<p><strong>Das finale Produkt<\/strong><\/p>\n<p><iframe loading=\"lazy\" src=\"https:\/\/www.youtube.com\/embed\/Lvntf-poOSc\" width=\"560\" height=\"315\" frameborder=\"0\" allowfullscreen=\"allowfullscreen\"><\/iframe><\/p>\n<p>Der Dreh fand (wie schon der erste Dreh f\u00fcr ein BMW Bodykit) in einer freien Werkstatthalle statt. Von technischer Seite entschieden wir uns wieder f\u00fcr die Panasonic GH4. Es kamen unterschiedliche Objektive zum Einsatz, die u.A. auch zusammen mit dem Metabones Speedbooster genutzt wurden. Konkret waren das folgende Linsen:<\/p>\n<ul>\n<li>SamYang 35 mm T1.5 EF<\/li>\n<li>Panasonic 14-140<\/li>\n<li>Sigma 35 mm 1.4 EF (wurde im Rahmen diesen Drehs getestet, danke nochmal an Michael)<\/li>\n<li>Tokina 11-16 mm 2.8 EF<\/li>\n<\/ul>\n<p>Insgesamt kamen so \u00fcberwiegend EF Linsen in Verbindung mit dem Speedbooster zum Einsatz. Ein gro\u00dfteil der Szenen wurde mit dem Brushless Gimbal gedreht (es handelt sich hier um das DYS Model, baugleich zum Came TV 7500; hierzu wird es zeitnah nochmals ein eigenes Posting geben). Hier kam das Panasonic 14-140 mm zum Einsatz, da es aufgrund des geringeren Gewichtes und dem Bildstabilisator auf dem Gimbal f\u00fcr ruhige Bilder sorgt. Dieses Mal wagten wir auch den Schritt und haben einige Szenen mit dem AF der GH4 gedreht. Das Ergebnis ist in Ordnung, grunds\u00e4tzlich empfinde ich aber die Autofocus-Funktionen z.B. bei Sonykameras \u00fcberzeugender. Die Pansonic tendiert hier zum pulsieren und verschiebt den Focus nicht so weich wie man es sich w\u00fcnscht.<\/p>\n<p><a href=\"http:\/\/www.ge-filmt.de\/wp-content\/uploads\/2015\/02\/IMG_9550.jpg\" target=\"_blank\" rel=\"prettyPhoto[gallery-G3mg]\"><img loading=\"lazy\" decoding=\"async\" class=\"alignleft wp-image-2971 size-thumbnail\" src=\"http:\/\/www.ge-filmt.de\/wp-content\/uploads\/2015\/02\/IMG_9555-150x150.jpg\" alt=\"Der Blick auf den Monitor\" width=\"150\" height=\"150\" srcset=\"https:\/\/www.ge-filmt.de\/wp-content\/uploads\/2015\/02\/IMG_9555-150x150.jpg 150w, https:\/\/www.ge-filmt.de\/wp-content\/uploads\/2015\/02\/IMG_9555-300x300.jpg 300w, https:\/\/www.ge-filmt.de\/wp-content\/uploads\/2015\/02\/IMG_9555-50x50.jpg 50w, https:\/\/www.ge-filmt.de\/wp-content\/uploads\/2015\/02\/IMG_9555-100x100.jpg 100w, https:\/\/www.ge-filmt.de\/wp-content\/uploads\/2015\/02\/IMG_9555-500x500.jpg 500w, https:\/\/www.ge-filmt.de\/wp-content\/uploads\/2015\/02\/IMG_9555-1000x1000.jpg 1000w\" sizes=\"auto, (max-width: 150px) 100vw, 150px\" \/><img loading=\"lazy\" decoding=\"async\" class=\"alignleft wp-image-2970 size-thumbnail\" src=\"http:\/\/www.ge-filmt.de\/wp-content\/uploads\/2015\/02\/IMG_9550-150x150.jpg\" alt=\"Brushless 3 Axis Gimbal\" width=\"150\" height=\"150\" srcset=\"https:\/\/www.ge-filmt.de\/wp-content\/uploads\/2015\/02\/IMG_9550-150x150.jpg 150w, https:\/\/www.ge-filmt.de\/wp-content\/uploads\/2015\/02\/IMG_9550-300x300.jpg 300w, https:\/\/www.ge-filmt.de\/wp-content\/uploads\/2015\/02\/IMG_9550-50x50.jpg 50w, https:\/\/www.ge-filmt.de\/wp-content\/uploads\/2015\/02\/IMG_9550-100x100.jpg 100w, https:\/\/www.ge-filmt.de\/wp-content\/uploads\/2015\/02\/IMG_9550-500x500.jpg 500w, https:\/\/www.ge-filmt.de\/wp-content\/uploads\/2015\/02\/IMG_9550-1000x1000.jpg 1000w\" sizes=\"auto, (max-width: 150px) 100vw, 150px\" \/><\/a><\/p>\n<p>Weiteres Bildmaterial wurde auf einem kleinen Slider bzw. vom Stativ in UHD (3840&#215;2160) gefilmt. Die Drehdauer belief sich auf ca. zwei Stunden.Das Footage wurde anschlie\u00dfend in Final Cut Pro X geschnitten und insb. das Material vom Gimbal wurde mit einigen Timeramps versehen. Hier sind die Retiming-Funktionen von Final Cut Pro X eine richtige Arbeitserleichterung. Der Schnitt war nach ca. weiteren zwei Stunden im Kasten. Die Texteffekte sowie das Tracking wurde Szenenweise in After Effects realisiert. Hierzu kam der finale Schnitt via Clip Exporte nach Adobe After Effects. Die entsprechenden Szenen wurden dann bearbeitet und als ProRes 422 HQ exportiert und anschlie\u00dfend im Schnitt ersetzt.<\/p>\n<p>&nbsp;<\/p>\n<p><a href=\"http:\/\/www.ge-filmt.de\/wp-content\/uploads\/2015\/02\/IMG_9608.jpg\" target=\"_blank\" rel=\"prettyPhoto[gallery-G3mg]\"><img loading=\"lazy\" decoding=\"async\" class=\"alignleft wp-image-2973 size-thumbnail\" src=\"http:\/\/www.ge-filmt.de\/wp-content\/uploads\/2015\/02\/IMG_9608-150x150.jpg\" alt=\"Die GH4 war f\u00fcr die Stativarbeit im Gearbox K\u00e4fig\" width=\"150\" height=\"150\" srcset=\"https:\/\/www.ge-filmt.de\/wp-content\/uploads\/2015\/02\/IMG_9608-150x150.jpg 150w, https:\/\/www.ge-filmt.de\/wp-content\/uploads\/2015\/02\/IMG_9608-300x300.jpg 300w, https:\/\/www.ge-filmt.de\/wp-content\/uploads\/2015\/02\/IMG_9608-50x50.jpg 50w, https:\/\/www.ge-filmt.de\/wp-content\/uploads\/2015\/02\/IMG_9608-100x100.jpg 100w, https:\/\/www.ge-filmt.de\/wp-content\/uploads\/2015\/02\/IMG_9608-500x500.jpg 500w, https:\/\/www.ge-filmt.de\/wp-content\/uploads\/2015\/02\/IMG_9608-1000x1000.jpg 1000w\" sizes=\"auto, (max-width: 150px) 100vw, 150px\" \/><\/a> <a href=\"http:\/\/www.ge-filmt.de\/wp-content\/uploads\/2015\/02\/IMG_9621-Bearbeitet.jpg\" target=\"_blank\" rel=\"prettyPhoto[gallery-G3mg]\"><img loading=\"lazy\" decoding=\"async\" class=\"alignleft wp-image-2974 size-thumbnail\" src=\"http:\/\/www.ge-filmt.de\/wp-content\/uploads\/2015\/02\/IMG_9621-Bearbeitet-150x150.jpg\" alt=\"GH4 auf Indislider - Minimalsetup\" width=\"150\" height=\"150\" srcset=\"https:\/\/www.ge-filmt.de\/wp-content\/uploads\/2015\/02\/IMG_9621-Bearbeitet-150x150.jpg 150w, https:\/\/www.ge-filmt.de\/wp-content\/uploads\/2015\/02\/IMG_9621-Bearbeitet-300x300.jpg 300w, https:\/\/www.ge-filmt.de\/wp-content\/uploads\/2015\/02\/IMG_9621-Bearbeitet-50x50.jpg 50w, https:\/\/www.ge-filmt.de\/wp-content\/uploads\/2015\/02\/IMG_9621-Bearbeitet-100x100.jpg 100w, https:\/\/www.ge-filmt.de\/wp-content\/uploads\/2015\/02\/IMG_9621-Bearbeitet-500x500.jpg 500w, https:\/\/www.ge-filmt.de\/wp-content\/uploads\/2015\/02\/IMG_9621-Bearbeitet-1000x1000.jpg 1000w\" sizes=\"auto, (max-width: 150px) 100vw, 150px\" \/><\/a><\/p>\n<p>Die Farbkorrektur fand f\u00fcr dieses Projekt ebenfalls in Final Cut Pro X statt.\u00a0Das finale Projekt wurde dann als 1080p File rausgerendert und f\u00fcr Vimeo bzw. Youtube dem Kunden zur Verf\u00fcgung gestellt. Die gesamte Projektdauer belief sich auf ca. 5 Stunden.\u00a0Danke nochmals an Michael f\u00fcr die &#8222;behind the scenes&#8220; Fotos und die Begleitung bei diesem Dreh.<\/p>\n<p>&nbsp;<\/p>\n<p>&nbsp;<\/p>\n<p>Am Ende sah das Final Cut Pro X Projekt wie folgt aus:<\/p>\n<p><a href=\"http:\/\/www.ge-filmt.de\/wp-content\/uploads\/2015\/02\/fcpx_gb_benz.jpg\" target=\"_blank\" rel=\"prettyPhoto[gallery-G3mg]\"><img loading=\"lazy\" decoding=\"async\" class=\"alignleft wp-image-2978 size-thumbnail\" src=\"http:\/\/www.ge-filmt.de\/wp-content\/uploads\/2015\/02\/fcpx_gb_benz-150x150.jpg\" alt=\"Das Projekt in Final Cut Pro X\" width=\"150\" height=\"150\" srcset=\"https:\/\/www.ge-filmt.de\/wp-content\/uploads\/2015\/02\/fcpx_gb_benz-150x150.jpg 150w, https:\/\/www.ge-filmt.de\/wp-content\/uploads\/2015\/02\/fcpx_gb_benz-300x300.jpg 300w, https:\/\/www.ge-filmt.de\/wp-content\/uploads\/2015\/02\/fcpx_gb_benz-50x50.jpg 50w, https:\/\/www.ge-filmt.de\/wp-content\/uploads\/2015\/02\/fcpx_gb_benz-100x100.jpg 100w, https:\/\/www.ge-filmt.de\/wp-content\/uploads\/2015\/02\/fcpx_gb_benz-500x500.jpg 500w, https:\/\/www.ge-filmt.de\/wp-content\/uploads\/2015\/02\/fcpx_gb_benz-1000x1000.jpg 1000w\" sizes=\"auto, (max-width: 150px) 100vw, 150px\" \/><\/a><\/p>\n<p>&nbsp;<\/p>\n<p>&nbsp;<\/p>\n<p>&nbsp;<\/p>\n<p>&nbsp;<\/p>\n","protected":false},"excerpt":{"rendered":"<p>In der Vergangenheit haben wir schon des \u00f6fteren sogenannte &#8222;behind the scenes&#8220; Clips f\u00fcr MTK-Photography erstellt. Dabei begleiten wir Michael w\u00e4hrend eines Shootings mit der Kamera und geben so den Blick hinter die Kamera frei. Dieses Mal war es Michael, der die Arbeit w\u00e4hrend eines kleinen Drehs mit der Kamera&#8230;<\/p>\n","protected":false},"author":1,"featured_media":2970,"comment_status":"open","ping_status":"open","sticky":false,"template":"","format":"standard","meta":{"ngg_post_thumbnail":0,"jetpack_post_was_ever_published":false,"_jetpack_newsletter_access":"","_jetpack_dont_email_post_to_subs":false,"_jetpack_newsletter_tier_id":0,"_jetpack_memberships_contains_paywalled_content":false,"_jetpack_memberships_contains_paid_content":false,"footnotes":"","jetpack_publicize_message":"","jetpack_publicize_feature_enabled":true,"jetpack_social_post_already_shared":true,"jetpack_social_options":{"image_generator_settings":{"template":"highway","enabled":false},"version":2}},"categories":[226,5,1,6],"tags":[228,237,116,135,230,229,84,95,124,216,83,231,227,101,232,92],"class_list":{"0":"post-2968","1":"post","2":"type-post","3":"status-publish","4":"format-standard","5":"has-post-thumbnail","7":"category-behind-the-scenes","8":"category-bewegtes-bild","9":"category-uncategorized","10":"category-standbild","11":"tag-4k","12":"tag-adobe","13":"tag-after-effects","14":"tag-behind-the-scenes","15":"tag-car","16":"tag-color","17":"tag-equipment","18":"tag-film","19":"tag-final-cut-pro-x","20":"tag-gh4","21":"tag-hd","22":"tag-mercedes","23":"tag-pansonic","24":"tag-technicolor","25":"tag-tuning","26":"tag-work-2"},"jetpack_publicize_connections":[],"jetpack_featured_media_url":"https:\/\/www.ge-filmt.de\/wp-content\/uploads\/2015\/02\/IMG_9550.jpg","jetpack_shortlink":"https:\/\/wp.me\/p1f4rQ-LS","jetpack_sharing_enabled":true,"_links":{"self":[{"href":"https:\/\/www.ge-filmt.de\/index.php?rest_route=\/wp\/v2\/posts\/2968","targetHints":{"allow":["GET"]}}],"collection":[{"href":"https:\/\/www.ge-filmt.de\/index.php?rest_route=\/wp\/v2\/posts"}],"about":[{"href":"https:\/\/www.ge-filmt.de\/index.php?rest_route=\/wp\/v2\/types\/post"}],"author":[{"embeddable":true,"href":"https:\/\/www.ge-filmt.de\/index.php?rest_route=\/wp\/v2\/users\/1"}],"replies":[{"embeddable":true,"href":"https:\/\/www.ge-filmt.de\/index.php?rest_route=%2Fwp%2Fv2%2Fcomments&post=2968"}],"version-history":[{"count":16,"href":"https:\/\/www.ge-filmt.de\/index.php?rest_route=\/wp\/v2\/posts\/2968\/revisions"}],"predecessor-version":[{"id":2990,"href":"https:\/\/www.ge-filmt.de\/index.php?rest_route=\/wp\/v2\/posts\/2968\/revisions\/2990"}],"wp:featuredmedia":[{"embeddable":true,"href":"https:\/\/www.ge-filmt.de\/index.php?rest_route=\/wp\/v2\/media\/2970"}],"wp:attachment":[{"href":"https:\/\/www.ge-filmt.de\/index.php?rest_route=%2Fwp%2Fv2%2Fmedia&parent=2968"}],"wp:term":[{"taxonomy":"category","embeddable":true,"href":"https:\/\/www.ge-filmt.de\/index.php?rest_route=%2Fwp%2Fv2%2Fcategories&post=2968"},{"taxonomy":"post_tag","embeddable":true,"href":"https:\/\/www.ge-filmt.de\/index.php?rest_route=%2Fwp%2Fv2%2Ftags&post=2968"}],"curies":[{"name":"wp","href":"https:\/\/api.w.org\/{rel}","templated":true}]}}