{"id":304,"date":"2010-12-12T15:03:51","date_gmt":"2010-12-12T15:03:51","guid":{"rendered":"http:\/\/www.ge-filmt.de\/?p=304"},"modified":"2010-12-12T16:32:58","modified_gmt":"2010-12-12T16:32:58","slug":"like-snow","status":"publish","type":"post","link":"https:\/\/www.ge-filmt.de\/?p=304","title":{"rendered":"like snow&#8230;"},"content":{"rendered":"<p>Der erste Schnee in diesem Winter ist mittlerweile wieder getaut. Daher\u00a0erweist sich die\u00a0Entscheidung als richtig , vor\u00a0zwei Wochen die fr\u00fchen Morgenstunden genutzt zu haben\u00a0und den ersten richtigen Schnee vor Ort in Bildern einzufangen. Bei gef\u00fchlten -5 \u00b0C war ich zwei Stunden im Park unterwegs und es entstanden einige Videoaufnahmen. Im Anschlu\u00df wurden die\u00a0Szenen aufbereitet und dienen nun als kleiner Weihnachtsgru\u00df f\u00fcr dieses Jahr. Ich m\u00f6chte mich an dieser Stelle\u00a0ganz herzlich f\u00fcr s\u00e4mtliche Filmprojekte und die gute Zusammenarbeit\u00a0in 2010 bedanken. Es hat wie immer eine Menge Spa\u00df bereitet und ich freue mich jetzt schon auf neue Herausforderungen in 2011.<\/p>\n<p>Ich w\u00fcnsche allen Freunden von ge.filmt besinnliche Feiertage und einen guten Sprung in das neue Jahr. Und nun genug der Worte, Film ab!<\/p>\n<p><iframe loading=\"lazy\" src=\"http:\/\/player.vimeo.com\/video\/17728081?title=0&amp;byline=0&amp;portrait=0&amp;color=c2c2c2\" width=\"400\" height=\"165\" frameborder=\"0\"><\/iframe><\/p>\n","protected":false},"excerpt":{"rendered":"<p>Der erste Schnee in diesem Winter ist mittlerweile wieder getaut. Daher\u00a0erweist sich die\u00a0Entscheidung als richtig , vor\u00a0zwei Wochen die fr\u00fchen Morgenstunden genutzt zu haben\u00a0und den ersten richtigen Schnee vor Ort in Bildern einzufangen. Bei gef\u00fchlten -5 \u00b0C war ich zwei Stunden im Park unterwegs und es entstanden einige Videoaufnahmen. Im&#8230;<\/p>\n","protected":false},"author":1,"featured_media":305,"comment_status":"open","ping_status":"open","sticky":false,"template":"","format":"standard","meta":{"ngg_post_thumbnail":0,"jetpack_post_was_ever_published":false,"_jetpack_newsletter_access":"","_jetpack_dont_email_post_to_subs":false,"_jetpack_newsletter_tier_id":0,"_jetpack_memberships_contains_paywalled_content":false,"_jetpack_memberships_contains_paid_content":false,"footnotes":"","jetpack_publicize_message":"","jetpack_publicize_feature_enabled":true,"jetpack_social_post_already_shared":false,"jetpack_social_options":{"image_generator_settings":{"template":"highway","enabled":false},"version":2}},"categories":[5],"tags":[],"class_list":{"0":"post-304","1":"post","2":"type-post","3":"status-publish","4":"format-standard","5":"has-post-thumbnail","7":"category-bewegtes-bild"},"jetpack_publicize_connections":[],"jetpack_featured_media_url":"https:\/\/www.ge-filmt.de\/wp-content\/uploads\/2010\/12\/xmas_1.jpg","jetpack_shortlink":"https:\/\/wp.me\/p1f4rQ-4U","jetpack_sharing_enabled":true,"_links":{"self":[{"href":"https:\/\/www.ge-filmt.de\/index.php?rest_route=\/wp\/v2\/posts\/304","targetHints":{"allow":["GET"]}}],"collection":[{"href":"https:\/\/www.ge-filmt.de\/index.php?rest_route=\/wp\/v2\/posts"}],"about":[{"href":"https:\/\/www.ge-filmt.de\/index.php?rest_route=\/wp\/v2\/types\/post"}],"author":[{"embeddable":true,"href":"https:\/\/www.ge-filmt.de\/index.php?rest_route=\/wp\/v2\/users\/1"}],"replies":[{"embeddable":true,"href":"https:\/\/www.ge-filmt.de\/index.php?rest_route=%2Fwp%2Fv2%2Fcomments&post=304"}],"version-history":[{"count":5,"href":"https:\/\/www.ge-filmt.de\/index.php?rest_route=\/wp\/v2\/posts\/304\/revisions"}],"predecessor-version":[{"id":312,"href":"https:\/\/www.ge-filmt.de\/index.php?rest_route=\/wp\/v2\/posts\/304\/revisions\/312"}],"wp:featuredmedia":[{"embeddable":true,"href":"https:\/\/www.ge-filmt.de\/index.php?rest_route=\/wp\/v2\/media\/305"}],"wp:attachment":[{"href":"https:\/\/www.ge-filmt.de\/index.php?rest_route=%2Fwp%2Fv2%2Fmedia&parent=304"}],"wp:term":[{"taxonomy":"category","embeddable":true,"href":"https:\/\/www.ge-filmt.de\/index.php?rest_route=%2Fwp%2Fv2%2Fcategories&post=304"},{"taxonomy":"post_tag","embeddable":true,"href":"https:\/\/www.ge-filmt.de\/index.php?rest_route=%2Fwp%2Fv2%2Ftags&post=304"}],"curies":[{"name":"wp","href":"https:\/\/api.w.org\/{rel}","templated":true}]}}