{"id":519,"date":"2011-01-07T12:16:22","date_gmt":"2011-01-07T12:16:22","guid":{"rendered":"http:\/\/www.ge-filmt.de\/?p=519"},"modified":"2011-01-07T12:16:22","modified_gmt":"2011-01-07T12:16:22","slug":"magic-lantern-rack-focus-tutorial-auf-der-canon-550d","status":"publish","type":"post","link":"https:\/\/www.ge-filmt.de\/?p=519","title":{"rendered":"Magic Lantern &#8211; Rack Focus Tutorial auf der Canon 550D"},"content":{"rendered":"<p>Zun\u00e4chst m\u00f6chte ich mich f\u00fcr die Resonanz auf meinen Magic Lantern Artikel bedanken. Ganz besonders hat es mich gefreut, dass der Artikel zu einer Aufnahme in die <a href=\"http:\/\/magiclantern.wikia.com\/wiki\/550D\/UserGuide\" target=\"_blank\">offizielle Dokumentation der Firmware<\/a> gef\u00fchrt hat. Die beiden kleinen Clips zum Rack Focus wurden in der Zwischenzeit von mir noch einmal neu aufgenommen und bei Vimeo online gestellt.<\/p>\n<p>Besonderen Dank m\u00f6chte ich an dieser Stelle noch einmal an Alex aus dem ML &#8211; Team richten. Er sorgte f\u00fcr die Einbindung in der Dokumentation und war gleichzeitig Motivation noch einen neuen Clip aufzunehmen. Danke Alex! Thank you Alex!<\/p>\n","protected":false},"excerpt":{"rendered":"<p>Zun\u00e4chst m\u00f6chte ich mich f\u00fcr die Resonanz auf meinen Magic Lantern Artikel bedanken. Ganz besonders hat es mich gefreut, dass der Artikel zu einer Aufnahme in die offizielle Dokumentation der Firmware gef\u00fchrt hat. Die beiden kleinen Clips zum Rack Focus wurden in der Zwischenzeit von mir noch einmal neu aufgenommen&#8230;<\/p>\n","protected":false},"author":1,"featured_media":0,"comment_status":"open","ping_status":"open","sticky":false,"template":"","format":"standard","meta":{"ngg_post_thumbnail":0,"jetpack_post_was_ever_published":false,"_jetpack_newsletter_access":"","_jetpack_dont_email_post_to_subs":false,"_jetpack_newsletter_tier_id":0,"_jetpack_memberships_contains_paywalled_content":false,"_jetpack_memberships_contains_paid_content":false,"footnotes":"","jetpack_publicize_message":"","jetpack_publicize_feature_enabled":true,"jetpack_social_post_already_shared":false,"jetpack_social_options":{"image_generator_settings":{"template":"highway","enabled":false},"version":2}},"categories":[5],"tags":[],"class_list":{"0":"post-519","1":"post","2":"type-post","3":"status-publish","4":"format-standard","6":"category-bewegtes-bild"},"jetpack_publicize_connections":[],"jetpack_featured_media_url":"","jetpack_shortlink":"https:\/\/wp.me\/p1f4rQ-8n","jetpack_sharing_enabled":true,"_links":{"self":[{"href":"https:\/\/www.ge-filmt.de\/index.php?rest_route=\/wp\/v2\/posts\/519","targetHints":{"allow":["GET"]}}],"collection":[{"href":"https:\/\/www.ge-filmt.de\/index.php?rest_route=\/wp\/v2\/posts"}],"about":[{"href":"https:\/\/www.ge-filmt.de\/index.php?rest_route=\/wp\/v2\/types\/post"}],"author":[{"embeddable":true,"href":"https:\/\/www.ge-filmt.de\/index.php?rest_route=\/wp\/v2\/users\/1"}],"replies":[{"embeddable":true,"href":"https:\/\/www.ge-filmt.de\/index.php?rest_route=%2Fwp%2Fv2%2Fcomments&post=519"}],"version-history":[{"count":1,"href":"https:\/\/www.ge-filmt.de\/index.php?rest_route=\/wp\/v2\/posts\/519\/revisions"}],"predecessor-version":[{"id":520,"href":"https:\/\/www.ge-filmt.de\/index.php?rest_route=\/wp\/v2\/posts\/519\/revisions\/520"}],"wp:attachment":[{"href":"https:\/\/www.ge-filmt.de\/index.php?rest_route=%2Fwp%2Fv2%2Fmedia&parent=519"}],"wp:term":[{"taxonomy":"category","embeddable":true,"href":"https:\/\/www.ge-filmt.de\/index.php?rest_route=%2Fwp%2Fv2%2Fcategories&post=519"},{"taxonomy":"post_tag","embeddable":true,"href":"https:\/\/www.ge-filmt.de\/index.php?rest_route=%2Fwp%2Fv2%2Ftags&post=519"}],"curies":[{"name":"wp","href":"https:\/\/api.w.org\/{rel}","templated":true}]}}