{"id":521,"date":"2011-01-13T10:38:24","date_gmt":"2011-01-13T10:38:24","guid":{"rendered":"http:\/\/www.ge-filmt.de\/?p=521"},"modified":"2011-01-28T11:33:45","modified_gmt":"2011-01-28T11:33:45","slug":"fotos-mit-dem-ipad-oder-iphone-beleuchten-photo-soft-box-pro-hd","status":"publish","type":"post","link":"https:\/\/www.ge-filmt.de\/?p=521","title":{"rendered":"Apple iPad oder iPhone als Lichtquelle &#8211; Photo Soft Box Pro HD"},"content":{"rendered":"<p>Mit diesem Artikel m\u00f6chte ich die neue Kategorie iOS einf\u00fchren. Apps mit einem unmittelbaren Bezug zum Bewegt- oder Standbild finden hier ihren Platz. Den Anfang macht heute die App <a href=\"http:\/\/itunes.apple.com\/us\/app\/photo-soft-box-pro-hd\/id407385101?mt=8\" target=\"_blank\">Photo Soft Box Pro HD<\/a>. Bereits vor einiger Zeit stolperte ich \u00fcber einen Beitrag von <a href=\"http:\/\/jesserosten.com\/2010\/ipad-photoshoot\" target=\"_blank\">Jesse Rosten<\/a>, in welchem er von seinem ersten Fotoshooting mit iPads erz\u00e4hlt. Dabei wurden die kleinen Tablets als Lichtquelle benutzt. Das Ergebnis ist mehr als sehenswert.<\/p>\n<p>So musste ich nicht lange \u00fcberlegen, als mir die oben genannte App \u00fcber den Weg lief und investierte die 2,39 \u20ac. Noch am gleichen Abend entstanden die ersten Fotos und ich war vom Ergebnis mehr als \u00fcberrascht. Die App bietet verschiedene M\u00f6glichkeiten das vom iPad abgegebene Licht zu kontrollieren. Dabei kann die Farbe und auch die Matte gew\u00e4hlt werden. Es gibt insgesamt elf Vorlagen. Durch Verschieben und Zoomen lassen sich Diese noch weiter individualisieren.<a href=\"http:\/\/www.ge-filmt.de\/wp-content\/uploads\/2011\/01\/Photo-Jan-13-10-52-03-vorm..jpg\" rel=\"prettyPhoto[gallery-F12e]\"><img loading=\"lazy\" decoding=\"async\" class=\"alignright size-thumbnail wp-image-523\" title=\"Die Oberfl\u00e4che der App.\" src=\"http:\/\/www.ge-filmt.de\/wp-content\/uploads\/2011\/01\/Photo-Jan-13-10-52-03-vorm.-150x150.jpg\" alt=\"\" width=\"150\" height=\"150\" srcset=\"https:\/\/www.ge-filmt.de\/wp-content\/uploads\/2011\/01\/Photo-Jan-13-10-52-03-vorm.-150x150.jpg 150w, https:\/\/www.ge-filmt.de\/wp-content\/uploads\/2011\/01\/Photo-Jan-13-10-52-03-vorm.-300x300.jpg 300w\" sizes=\"auto, (max-width: 150px) 100vw, 150px\" \/><\/a><\/p>\n<p>Bei der App handelt sich um eine &#8222;Plus-App&#8220;, sie kann also nach einmaligem Kauf auch auf dem iPhone genutzt werden. Anders als Jesse Rosten standen mir bei den Testfotos nur ein iPad und ein iPhone zur Verf\u00fcgung. Dabei habe ich unterschiedliche Farbkombinationen ausprobiert und in einigen Bildern l\u00e4sst sich die &#8222;Softbox&#8220; als Spiegelung im Objekt erkennen. Wichtig dabei ist, dass jegliches Umgebungslicht ausgeschaltet ist. Ich hatte also immer nur das iPad und\/oder das iPhone als Lichtquelle aktiviert.<\/p>\n<p>Nat\u00fcrlich ersetzt die App keine Studioumgebung, aber man kann sehr viel Spa\u00df mit ihr haben und das eine oder andere sehenswerte Ergebnis erzeugen. Vielleicht gelingt es mir ja mal mehrere iPads zusammenzutrommeln, um f\u00fcr mehr Licht zu sorgen. Es gibt also eine klare Empfehlung von meiner Seite.<\/p>\n<h5>Fotos mit der Photo Soft Box Pro HD<\/h5>\n\n\t\t<style type=\"text\/css\">\n\t\t\t#gallery-1 {\n\t\t\t\tmargin: auto;\n\t\t\t}\n\t\t\t#gallery-1 .gallery-item {\n\t\t\t\tfloat: left;\n\t\t\t\tmargin-top: 10px;\n\t\t\t\ttext-align: center;\n\t\t\t\twidth: 33%;\n\t\t\t}\n\t\t\t#gallery-1 img {\n\t\t\t\tborder: 2px solid #cfcfcf;\n\t\t\t}\n\t\t\t#gallery-1 .gallery-caption {\n\t\t\t\tmargin-left: 0;\n\t\t\t}\n\t\t\t\/* see gallery_shortcode() in wp-includes\/media.php *\/\n\t\t<\/style>\n\t\t<div id='gallery-1' class='gallery galleryid-521 gallery-columns-3 gallery-size-thumbnail'><dl class='gallery-item'>\n\t\t\t<dt class='gallery-icon portrait'>\n\t\t\t\t<a href='https:\/\/www.ge-filmt.de\/wp-content\/uploads\/2011\/01\/IMG_7614.jpg'><img loading=\"lazy\" decoding=\"async\" width=\"150\" height=\"150\" src=\"https:\/\/www.ge-filmt.de\/wp-content\/uploads\/2011\/01\/IMG_7614-150x150.jpg\" class=\"attachment-thumbnail size-thumbnail\" alt=\"\" srcset=\"https:\/\/www.ge-filmt.de\/wp-content\/uploads\/2011\/01\/IMG_7614-150x150.jpg 150w, https:\/\/www.ge-filmt.de\/wp-content\/uploads\/2011\/01\/IMG_7614-300x300.jpg 300w\" sizes=\"auto, (max-width: 150px) 100vw, 150px\" \/><\/a>\n\t\t\t<\/dt><\/dl><dl class='gallery-item'>\n\t\t\t<dt class='gallery-icon landscape'>\n\t\t\t\t<a href='https:\/\/www.ge-filmt.de\/wp-content\/uploads\/2011\/01\/IMG_7624.jpg'><img loading=\"lazy\" decoding=\"async\" width=\"150\" height=\"150\" src=\"https:\/\/www.ge-filmt.de\/wp-content\/uploads\/2011\/01\/IMG_7624-150x150.jpg\" class=\"attachment-thumbnail size-thumbnail\" alt=\"\" srcset=\"https:\/\/www.ge-filmt.de\/wp-content\/uploads\/2011\/01\/IMG_7624-150x150.jpg 150w, https:\/\/www.ge-filmt.de\/wp-content\/uploads\/2011\/01\/IMG_7624-300x300.jpg 300w\" sizes=\"auto, (max-width: 150px) 100vw, 150px\" \/><\/a>\n\t\t\t<\/dt><\/dl><dl class='gallery-item'>\n\t\t\t<dt class='gallery-icon landscape'>\n\t\t\t\t<a href='https:\/\/www.ge-filmt.de\/wp-content\/uploads\/2011\/01\/IMG_7630.jpg'><img loading=\"lazy\" decoding=\"async\" width=\"150\" height=\"150\" src=\"https:\/\/www.ge-filmt.de\/wp-content\/uploads\/2011\/01\/IMG_7630-150x150.jpg\" class=\"attachment-thumbnail size-thumbnail\" alt=\"\" srcset=\"https:\/\/www.ge-filmt.de\/wp-content\/uploads\/2011\/01\/IMG_7630-150x150.jpg 150w, https:\/\/www.ge-filmt.de\/wp-content\/uploads\/2011\/01\/IMG_7630-300x300.jpg 300w\" sizes=\"auto, (max-width: 150px) 100vw, 150px\" \/><\/a>\n\t\t\t<\/dt><\/dl><br style=\"clear: both\" \/><dl class='gallery-item'>\n\t\t\t<dt class='gallery-icon landscape'>\n\t\t\t\t<a href='https:\/\/www.ge-filmt.de\/wp-content\/uploads\/2011\/01\/IMG_7672.jpg'><img loading=\"lazy\" decoding=\"async\" width=\"150\" height=\"150\" src=\"https:\/\/www.ge-filmt.de\/wp-content\/uploads\/2011\/01\/IMG_7672-150x150.jpg\" class=\"attachment-thumbnail size-thumbnail\" alt=\"\" srcset=\"https:\/\/www.ge-filmt.de\/wp-content\/uploads\/2011\/01\/IMG_7672-150x150.jpg 150w, https:\/\/www.ge-filmt.de\/wp-content\/uploads\/2011\/01\/IMG_7672-300x300.jpg 300w\" sizes=\"auto, (max-width: 150px) 100vw, 150px\" \/><\/a>\n\t\t\t<\/dt><\/dl><dl class='gallery-item'>\n\t\t\t<dt class='gallery-icon landscape'>\n\t\t\t\t<a href='https:\/\/www.ge-filmt.de\/wp-content\/uploads\/2011\/01\/IMG_7675.jpg'><img loading=\"lazy\" decoding=\"async\" width=\"150\" height=\"150\" src=\"https:\/\/www.ge-filmt.de\/wp-content\/uploads\/2011\/01\/IMG_7675-150x150.jpg\" class=\"attachment-thumbnail size-thumbnail\" alt=\"\" srcset=\"https:\/\/www.ge-filmt.de\/wp-content\/uploads\/2011\/01\/IMG_7675-150x150.jpg 150w, https:\/\/www.ge-filmt.de\/wp-content\/uploads\/2011\/01\/IMG_7675-300x300.jpg 300w\" sizes=\"auto, (max-width: 150px) 100vw, 150px\" \/><\/a>\n\t\t\t<\/dt><\/dl><dl class='gallery-item'>\n\t\t\t<dt class='gallery-icon landscape'>\n\t\t\t\t<a href='https:\/\/www.ge-filmt.de\/wp-content\/uploads\/2011\/01\/IMG_7677.jpg'><img loading=\"lazy\" decoding=\"async\" width=\"150\" height=\"150\" src=\"https:\/\/www.ge-filmt.de\/wp-content\/uploads\/2011\/01\/IMG_7677-150x150.jpg\" class=\"attachment-thumbnail size-thumbnail\" alt=\"\" srcset=\"https:\/\/www.ge-filmt.de\/wp-content\/uploads\/2011\/01\/IMG_7677-150x150.jpg 150w, https:\/\/www.ge-filmt.de\/wp-content\/uploads\/2011\/01\/IMG_7677-300x300.jpg 300w\" sizes=\"auto, (max-width: 150px) 100vw, 150px\" \/><\/a>\n\t\t\t<\/dt><\/dl><br style=\"clear: both\" \/><dl class='gallery-item'>\n\t\t\t<dt class='gallery-icon portrait'>\n\t\t\t\t<a href='https:\/\/www.ge-filmt.de\/wp-content\/uploads\/2011\/01\/Photo-Jan-13-10-52-03-vorm..jpg'><img loading=\"lazy\" decoding=\"async\" width=\"150\" height=\"150\" src=\"https:\/\/www.ge-filmt.de\/wp-content\/uploads\/2011\/01\/Photo-Jan-13-10-52-03-vorm.-150x150.jpg\" class=\"attachment-thumbnail size-thumbnail\" alt=\"\" srcset=\"https:\/\/www.ge-filmt.de\/wp-content\/uploads\/2011\/01\/Photo-Jan-13-10-52-03-vorm.-150x150.jpg 150w, https:\/\/www.ge-filmt.de\/wp-content\/uploads\/2011\/01\/Photo-Jan-13-10-52-03-vorm.-300x300.jpg 300w\" sizes=\"auto, (max-width: 150px) 100vw, 150px\" \/><\/a>\n\t\t\t<\/dt><\/dl>\n\t\t\t<br style='clear: both' \/>\n\t\t<\/div>\n\n","protected":false},"excerpt":{"rendered":"<p>Mit diesem Artikel m\u00f6chte ich die neue Kategorie iOS einf\u00fchren. Apps mit einem unmittelbaren Bezug zum Bewegt- oder Standbild finden hier ihren Platz. Den Anfang macht heute die App Photo Soft Box Pro HD. Bereits vor einiger Zeit stolperte ich \u00fcber einen Beitrag von Jesse Rosten, in welchem er von&#8230;<\/p>\n","protected":false},"author":1,"featured_media":529,"comment_status":"open","ping_status":"open","sticky":false,"template":"","format":"standard","meta":{"ngg_post_thumbnail":0,"jetpack_post_was_ever_published":false,"_jetpack_newsletter_access":"","_jetpack_dont_email_post_to_subs":false,"_jetpack_newsletter_tier_id":0,"_jetpack_memberships_contains_paywalled_content":false,"_jetpack_memberships_contains_paid_content":false,"footnotes":"","jetpack_publicize_message":"","jetpack_publicize_feature_enabled":true,"jetpack_social_post_already_shared":false,"jetpack_social_options":{"image_generator_settings":{"template":"highway","enabled":false},"version":2}},"categories":[77,6],"tags":[],"class_list":{"0":"post-521","1":"post","2":"type-post","3":"status-publish","4":"format-standard","5":"has-post-thumbnail","7":"category-ios","8":"category-standbild"},"jetpack_publicize_connections":[],"jetpack_featured_media_url":"https:\/\/www.ge-filmt.de\/wp-content\/uploads\/2011\/01\/IMG_7675.jpg","jetpack_shortlink":"https:\/\/wp.me\/p1f4rQ-8p","jetpack_sharing_enabled":true,"_links":{"self":[{"href":"https:\/\/www.ge-filmt.de\/index.php?rest_route=\/wp\/v2\/posts\/521","targetHints":{"allow":["GET"]}}],"collection":[{"href":"https:\/\/www.ge-filmt.de\/index.php?rest_route=\/wp\/v2\/posts"}],"about":[{"href":"https:\/\/www.ge-filmt.de\/index.php?rest_route=\/wp\/v2\/types\/post"}],"author":[{"embeddable":true,"href":"https:\/\/www.ge-filmt.de\/index.php?rest_route=\/wp\/v2\/users\/1"}],"replies":[{"embeddable":true,"href":"https:\/\/www.ge-filmt.de\/index.php?rest_route=%2Fwp%2Fv2%2Fcomments&post=521"}],"version-history":[{"count":10,"href":"https:\/\/www.ge-filmt.de\/index.php?rest_route=\/wp\/v2\/posts\/521\/revisions"}],"predecessor-version":[{"id":588,"href":"https:\/\/www.ge-filmt.de\/index.php?rest_route=\/wp\/v2\/posts\/521\/revisions\/588"}],"wp:featuredmedia":[{"embeddable":true,"href":"https:\/\/www.ge-filmt.de\/index.php?rest_route=\/wp\/v2\/media\/529"}],"wp:attachment":[{"href":"https:\/\/www.ge-filmt.de\/index.php?rest_route=%2Fwp%2Fv2%2Fmedia&parent=521"}],"wp:term":[{"taxonomy":"category","embeddable":true,"href":"https:\/\/www.ge-filmt.de\/index.php?rest_route=%2Fwp%2Fv2%2Fcategories&post=521"},{"taxonomy":"post_tag","embeddable":true,"href":"https:\/\/www.ge-filmt.de\/index.php?rest_route=%2Fwp%2Fv2%2Ftags&post=521"}],"curies":[{"name":"wp","href":"https:\/\/api.w.org\/{rel}","templated":true}]}}