{"id":543,"date":"2011-01-14T18:13:53","date_gmt":"2011-01-14T18:13:53","guid":{"rendered":"http:\/\/www.ge-filmt.de\/?p=543"},"modified":"2011-03-02T13:01:50","modified_gmt":"2011-03-02T13:01:50","slug":"neuer-magic-lantern-release-mit-focus-assist-fuer-die-canon-550drebel-t2i","status":"publish","type":"post","link":"https:\/\/www.ge-filmt.de\/?p=543","title":{"rendered":"550D &#8211; Magic Lantern Firmware | Neuer Release der Firmware mit Focus Assist"},"content":{"rendered":"<p>Man kann dem Entwicklerteam der Firmware Magic Lantern f\u00fcr die Canon 550D nur gr\u00f6\u00dften Respekt zollen. Das neue Jahr geht soeben in die dritte Kalenderwoche und es gibt schon das f\u00fcnfte Update der Firmware.<\/p>\n<p>Das liegt zum einen daran, dass Fehler beseitigt werden und man bem\u00fcht ist die Stabilit\u00e4t jedes mal weiter zu verbessern. Vor allem aber liegt es daran, dass scheinbar mit jedem Release neue Features freigeschaltet werden, die dem 550D Eigent\u00fcmer wirklich das Wasser im Mund zusammenlaufen lassen.<\/p>\n<p>Mittlerweile ist nicht nur (ein entsprechender Adapter vorausgesetzt) ein Audio Monitoringm\u00f6glich, sondern mit dem heutigen Testrelease wurde der &#8222;Focus Assist&#8220; freigeschaltet. Ist dieser aktiviert, werden die scharfen Bildteile durch eine entsprechende Farbmakierung kenntlich gemacht. Dieses Prinzip kennt man schon aus anderen (reinen) Videokameras. In einer HDSLR ist dies aber neu und funktioniert nun schon recht gut.<\/p>\n<div id=\"attachment_546\" style=\"width: 130px\" class=\"wp-caption alignleft\"><a href=\"http:\/\/www.ge-filmt.de\/wp-content\/uploads\/2011\/01\/Photo-Jan-14-18-51-46.jpg\" rel=\"prettyPhoto[gallery-v5z5]\"><img loading=\"lazy\" decoding=\"async\" aria-describedby=\"caption-attachment-546\" class=\"size-thumbnail wp-image-546\" title=\"Focus im vorderen Bildbereich\" src=\"http:\/\/www.ge-filmt.de\/wp-content\/uploads\/2011\/01\/Photo-Jan-14-18-51-46-150x150.jpg\" alt=\"\" width=\"120\" height=\"120\" srcset=\"https:\/\/www.ge-filmt.de\/wp-content\/uploads\/2011\/01\/Photo-Jan-14-18-51-46-150x150.jpg 150w, https:\/\/www.ge-filmt.de\/wp-content\/uploads\/2011\/01\/Photo-Jan-14-18-51-46-300x300.jpg 300w\" sizes=\"auto, (max-width: 120px) 100vw, 120px\" \/><\/a><p id=\"caption-attachment-546\" class=\"wp-caption-text\">Focus im vorderen Bildbereich<\/p><\/div>\n<div id=\"attachment_544\" style=\"width: 130px\" class=\"wp-caption alignleft\"><a href=\"http:\/\/www.ge-filmt.de\/wp-content\/uploads\/2011\/01\/Photo-Jan-14-18-55-12.jpg\" rel=\"prettyPhoto[gallery-v5z5]\"><img loading=\"lazy\" decoding=\"async\" aria-describedby=\"caption-attachment-544\" class=\"size-thumbnail wp-image-544\" title=\"Focus im hinteren Bildbereich\" src=\"http:\/\/www.ge-filmt.de\/wp-content\/uploads\/2011\/01\/Photo-Jan-14-18-55-12-150x150.jpg\" alt=\"\" width=\"120\" height=\"120\" srcset=\"https:\/\/www.ge-filmt.de\/wp-content\/uploads\/2011\/01\/Photo-Jan-14-18-55-12-150x150.jpg 150w, https:\/\/www.ge-filmt.de\/wp-content\/uploads\/2011\/01\/Photo-Jan-14-18-55-12-300x300.jpg 300w\" sizes=\"auto, (max-width: 120px) 100vw, 120px\" \/><\/a><p id=\"caption-attachment-544\" class=\"wp-caption-text\">Focus im hinteren Bildbereich<\/p><\/div>\n<p>Im linken Foto liegt der Focus im vorderen Bildteil, angezeigt durch die blauen Linien. Im rechten Bild ist die Sch\u00e4rfe gewandert, die blauen Linien zeigen direkt wohin. Sie unterst\u00fctzen den Filmer beim Focusziehen somit ungemein. Es bleibt weiterhin spannend was noch alles implementiert und optimiert wird.<\/p>\n<div id=\"attachment_548\" style=\"width: 130px\" class=\"wp-caption alignright\"><a href=\"http:\/\/www.ge-filmt.de\/wp-content\/uploads\/2011\/01\/Photo-Jan-14-18-49-55.jpg\" rel=\"prettyPhoto[gallery-v5z5]\"><img loading=\"lazy\" decoding=\"async\" aria-describedby=\"caption-attachment-548\" class=\"size-thumbnail wp-image-548\" title=\"Das Men\u00fc ist dank neuer Schriftart wesentlich angenehmer zu lesen.\" src=\"http:\/\/www.ge-filmt.de\/wp-content\/uploads\/2011\/01\/Photo-Jan-14-18-49-55-150x150.jpg\" alt=\"\" width=\"120\" height=\"120\" srcset=\"https:\/\/www.ge-filmt.de\/wp-content\/uploads\/2011\/01\/Photo-Jan-14-18-49-55-150x150.jpg 150w, https:\/\/www.ge-filmt.de\/wp-content\/uploads\/2011\/01\/Photo-Jan-14-18-49-55-300x300.jpg 300w\" sizes=\"auto, (max-width: 120px) 100vw, 120px\" \/><\/a><p id=\"caption-attachment-548\" class=\"wp-caption-text\">Das Men\u00fc ist dank neuer Schriftart wesentlich angenehmer zu lesen.<\/p><\/div>\n<p>Dar\u00fcber hinaus macht die neue Schriftart das Men\u00fc wesentlich angenehmer zu Lesen. F\u00fcr weitere Infos und News empfehle ich allen Interessierten einen Blick in die Magic Lantern Gruppe auf vimeo.com: <em>http:\/\/vimeo.com\/groups\/magiclantern<\/em><\/p>\n<p>\u00dcber weitere neue Features wird hier nat\u00fcrlich berichtet.<\/p>\n","protected":false},"excerpt":{"rendered":"<p>Man kann dem Entwicklerteam der Firmware Magic Lantern f\u00fcr die Canon 550D nur gr\u00f6\u00dften Respekt zollen. Das neue Jahr geht soeben in die dritte Kalenderwoche und es gibt schon das f\u00fcnfte Update der Firmware. Das liegt zum einen daran, dass Fehler beseitigt werden und man bem\u00fcht ist die Stabilit\u00e4t jedes&#8230;<\/p>\n","protected":false},"author":1,"featured_media":544,"comment_status":"open","ping_status":"open","sticky":false,"template":"","format":"standard","meta":{"ngg_post_thumbnail":0,"jetpack_post_was_ever_published":false,"_jetpack_newsletter_access":"","_jetpack_dont_email_post_to_subs":false,"_jetpack_newsletter_tier_id":0,"_jetpack_memberships_contains_paywalled_content":false,"_jetpack_memberships_contains_paid_content":false,"footnotes":"","jetpack_publicize_message":"","jetpack_publicize_feature_enabled":true,"jetpack_social_post_already_shared":false,"jetpack_social_options":{"image_generator_settings":{"template":"highway","enabled":false},"version":2}},"categories":[5,6,55],"tags":[80,78,82,83,79,81],"class_list":{"0":"post-543","1":"post","2":"type-post","3":"status-publish","4":"format-standard","5":"has-post-thumbnail","7":"category-bewegtes-bild","8":"category-standbild","9":"category-tech-news","10":"tag-550d","11":"tag-canon","12":"tag-firmware","13":"tag-hd","14":"tag-hdslr","15":"tag-magic-lantern"},"jetpack_publicize_connections":[],"jetpack_featured_media_url":"https:\/\/www.ge-filmt.de\/wp-content\/uploads\/2011\/01\/Photo-Jan-14-18-55-12-scaled.jpg","jetpack_shortlink":"https:\/\/wp.me\/p1f4rQ-8L","jetpack_sharing_enabled":true,"_links":{"self":[{"href":"https:\/\/www.ge-filmt.de\/index.php?rest_route=\/wp\/v2\/posts\/543","targetHints":{"allow":["GET"]}}],"collection":[{"href":"https:\/\/www.ge-filmt.de\/index.php?rest_route=\/wp\/v2\/posts"}],"about":[{"href":"https:\/\/www.ge-filmt.de\/index.php?rest_route=\/wp\/v2\/types\/post"}],"author":[{"embeddable":true,"href":"https:\/\/www.ge-filmt.de\/index.php?rest_route=\/wp\/v2\/users\/1"}],"replies":[{"embeddable":true,"href":"https:\/\/www.ge-filmt.de\/index.php?rest_route=%2Fwp%2Fv2%2Fcomments&post=543"}],"version-history":[{"count":8,"href":"https:\/\/www.ge-filmt.de\/index.php?rest_route=\/wp\/v2\/posts\/543\/revisions"}],"predecessor-version":[{"id":558,"href":"https:\/\/www.ge-filmt.de\/index.php?rest_route=\/wp\/v2\/posts\/543\/revisions\/558"}],"wp:featuredmedia":[{"embeddable":true,"href":"https:\/\/www.ge-filmt.de\/index.php?rest_route=\/wp\/v2\/media\/544"}],"wp:attachment":[{"href":"https:\/\/www.ge-filmt.de\/index.php?rest_route=%2Fwp%2Fv2%2Fmedia&parent=543"}],"wp:term":[{"taxonomy":"category","embeddable":true,"href":"https:\/\/www.ge-filmt.de\/index.php?rest_route=%2Fwp%2Fv2%2Fcategories&post=543"},{"taxonomy":"post_tag","embeddable":true,"href":"https:\/\/www.ge-filmt.de\/index.php?rest_route=%2Fwp%2Fv2%2Ftags&post=543"}],"curies":[{"name":"wp","href":"https:\/\/api.w.org\/{rel}","templated":true}]}}