{"id":712,"date":"2011-03-26T16:04:10","date_gmt":"2011-03-26T16:04:10","guid":{"rendered":"http:\/\/www.ge-filmt.de\/?p=712"},"modified":"2011-03-26T16:04:10","modified_gmt":"2011-03-26T16:04:10","slug":"die-ruhepause-eine-zusammenfassung-der-letzten-wochen","status":"publish","type":"post","link":"https:\/\/www.ge-filmt.de\/?p=712","title":{"rendered":"Die Ruhepause &#8211; Eine Zusammenfassung der letzten Wochen"},"content":{"rendered":"<p><a href=\"http:\/\/www.ge-filmt.de\/wp-content\/uploads\/2011\/03\/MovieClipping-5.jpg\" rel=\"prettyPhoto[gallery-psdJ]\"><img loading=\"lazy\" decoding=\"async\" class=\"alignleft size-thumbnail wp-image-715\" title=\"Screencap Imotex Etage 1\" src=\"http:\/\/www.ge-filmt.de\/wp-content\/uploads\/2011\/03\/MovieClipping-5-150x150.jpg\" alt=\"\" width=\"150\" height=\"150\" srcset=\"https:\/\/www.ge-filmt.de\/wp-content\/uploads\/2011\/03\/MovieClipping-5-150x150.jpg 150w, https:\/\/www.ge-filmt.de\/wp-content\/uploads\/2011\/03\/MovieClipping-5-300x300.jpg 300w\" sizes=\"auto, (max-width: 150px) 100vw, 150px\" \/><\/a>In den vergangenen Tagen ist es hier etwas ruhiger gewesen, der Grund daf\u00fcr lag prim\u00e4r in der Vor-und Nachbereitung von zwei Projekten, welche in beiden F\u00e4llen von <a href=\"http:\/\/www.kremerundkonsorten.de\">Kremer und Konsorten<\/a> initiiert wurden. Zun\u00e4chst stand die Er\u00f6ffnung der Etage 1 im bekanntesten Modecenter Deutschlands an. Das IMOTEX in Neuss hat, unter dem von Kremer und Konsorten entwickelten Logo, mit einem Catwalk und Fotoshooting die vollst\u00e4ndig renovierte erste Etage er\u00f6ffnet. Dabei wurde ge.filmt und es entstand ein kurzer\u00a0behind the scenes\u00a0Clip. Sehen k\u00f6nnt ihr den Clip im Portfolio. Zum Einsatz kam neben dem indislider vor allem das Shoulder Rig von Hangrip, welches die Arbeit mit der DSLR wesentlich erleichtert hat. Die Sch\u00e4rfe l\u00e4sst sich, dem Follow Focus sein dank, auch sehr gut ziehen.<\/p>\n<p>&nbsp;<\/p>\n<p>&nbsp;<\/p>\n<p><img loading=\"lazy\" decoding=\"async\" class=\"alignright size-thumbnail wp-image-722\" title=\"Die Akademie stimmt nachdenklich.\" src=\"http:\/\/www.ge-filmt.de\/wp-content\/uploads\/2011\/03\/faskk_2-150x150.jpg\" alt=\"\" width=\"150\" height=\"150\" srcset=\"https:\/\/www.ge-filmt.de\/wp-content\/uploads\/2011\/03\/faskk_2-150x150.jpg 150w, https:\/\/www.ge-filmt.de\/wp-content\/uploads\/2011\/03\/faskk_2-300x300.jpg 300w\" sizes=\"auto, (max-width: 150px) 100vw, 150px\" \/><\/p>\n<p>Das zweite Projekt betraf die Er\u00f6ffnung der <a href=\"http:\/\/www.freieakademiederschoenenkommunikationskuenste.de\/\">Freien Akademie der sch\u00f6nen Kommunikationsk\u00fcnste<\/a>. Kremer und Konsorten sind die Initiatoren der Akademie, welche am 18.3.2011 mit der Veranstaltung &#8222;Kommohnekation&#8220; Premiere feierten. Ich war selber vor Ort und durfte die spannenden und lehrreichen Vortr\u00e4ge filmisch begleiten. Trotz der etwas schwierigen Lichtsituation f\u00fcr die Kamera entstand ein knapp zwei Minuten langer Film, der die Veranstaltung in bewegten Bilder zusammenfasst. Den Film k\u00f6nnt ihr direkt auf der <a href=\"http:\/\/freieakademiederschoenenkommunikationskuenste.de\/2011\/03\/24\/ein-film-sagt-mehr-als-tausend-erklarende-worte\/\">Seite der Akademie<\/a> sehen.<\/p>\n<p>&nbsp;<\/p>\n","protected":false},"excerpt":{"rendered":"<p>In den vergangenen Tagen ist es hier etwas ruhiger gewesen, der Grund daf\u00fcr lag prim\u00e4r in der Vor-und Nachbereitung von zwei Projekten, welche in beiden F\u00e4llen von Kremer und Konsorten initiiert wurden. Zun\u00e4chst stand die Er\u00f6ffnung der Etage 1 im bekanntesten Modecenter Deutschlands an. Das IMOTEX in Neuss hat, unter&#8230;<\/p>\n","protected":false},"author":1,"featured_media":718,"comment_status":"open","ping_status":"open","sticky":false,"template":"","format":"standard","meta":{"ngg_post_thumbnail":0,"jetpack_post_was_ever_published":false,"_jetpack_newsletter_access":"","_jetpack_dont_email_post_to_subs":false,"_jetpack_newsletter_tier_id":0,"_jetpack_memberships_contains_paywalled_content":false,"_jetpack_memberships_contains_paid_content":false,"footnotes":"","jetpack_publicize_message":"","jetpack_publicize_feature_enabled":true,"jetpack_social_post_already_shared":false,"jetpack_social_options":{"image_generator_settings":{"template":"highway","enabled":false},"version":2}},"categories":[5,4],"tags":[80,78,84,95,79,93,94,81,92],"class_list":{"0":"post-712","1":"post","2":"type-post","3":"status-publish","4":"format-standard","5":"has-post-thumbnail","7":"category-bewegtes-bild","8":"category-neuigkeiten","9":"tag-550d","10":"tag-canon","11":"tag-equipment","12":"tag-film","13":"tag-hdslr","14":"tag-imotex","15":"tag-kremerundkonsorten","16":"tag-magic-lantern","17":"tag-work-2"},"jetpack_publicize_connections":[],"jetpack_featured_media_url":"https:\/\/www.ge-filmt.de\/wp-content\/uploads\/2011\/03\/faskk.jpg","jetpack_shortlink":"https:\/\/wp.me\/p1f4rQ-bu","jetpack_sharing_enabled":true,"_links":{"self":[{"href":"https:\/\/www.ge-filmt.de\/index.php?rest_route=\/wp\/v2\/posts\/712","targetHints":{"allow":["GET"]}}],"collection":[{"href":"https:\/\/www.ge-filmt.de\/index.php?rest_route=\/wp\/v2\/posts"}],"about":[{"href":"https:\/\/www.ge-filmt.de\/index.php?rest_route=\/wp\/v2\/types\/post"}],"author":[{"embeddable":true,"href":"https:\/\/www.ge-filmt.de\/index.php?rest_route=\/wp\/v2\/users\/1"}],"replies":[{"embeddable":true,"href":"https:\/\/www.ge-filmt.de\/index.php?rest_route=%2Fwp%2Fv2%2Fcomments&post=712"}],"version-history":[{"count":13,"href":"https:\/\/www.ge-filmt.de\/index.php?rest_route=\/wp\/v2\/posts\/712\/revisions"}],"predecessor-version":[{"id":1113,"href":"https:\/\/www.ge-filmt.de\/index.php?rest_route=\/wp\/v2\/posts\/712\/revisions\/1113"}],"wp:featuredmedia":[{"embeddable":true,"href":"https:\/\/www.ge-filmt.de\/index.php?rest_route=\/wp\/v2\/media\/718"}],"wp:attachment":[{"href":"https:\/\/www.ge-filmt.de\/index.php?rest_route=%2Fwp%2Fv2%2Fmedia&parent=712"}],"wp:term":[{"taxonomy":"category","embeddable":true,"href":"https:\/\/www.ge-filmt.de\/index.php?rest_route=%2Fwp%2Fv2%2Fcategories&post=712"},{"taxonomy":"post_tag","embeddable":true,"href":"https:\/\/www.ge-filmt.de\/index.php?rest_route=%2Fwp%2Fv2%2Ftags&post=712"}],"curies":[{"name":"wp","href":"https:\/\/api.w.org\/{rel}","templated":true}]}}