{"id":733,"date":"2011-03-27T18:21:02","date_gmt":"2011-03-27T18:21:02","guid":{"rendered":"http:\/\/www.ge-filmt.de\/?p=733"},"modified":"2011-03-27T18:21:02","modified_gmt":"2011-03-27T18:21:02","slug":"go-west-2010-oder-wie-wecke-ich-das-fernweh","status":"publish","type":"post","link":"https:\/\/www.ge-filmt.de\/?p=733","title":{"rendered":"Go West 2010 &#8211; Oder wie wecke ich das Fernweh?!"},"content":{"rendered":"<p><a href=\"http:\/\/www.ge-filmt.de\/wp-content\/uploads\/2011\/03\/IMG_8800.jpg\" rel=\"prettyPhoto[gallery-FRLw]\"><img loading=\"lazy\" decoding=\"async\" class=\"alignleft size-thumbnail wp-image-736\" title=\"Go West 2010 BluRay \" src=\"http:\/\/www.ge-filmt.de\/wp-content\/uploads\/2011\/03\/IMG_8800-150x150.jpg\" alt=\"\" width=\"90\" height=\"90\" srcset=\"https:\/\/www.ge-filmt.de\/wp-content\/uploads\/2011\/03\/IMG_8800-150x150.jpg 150w, https:\/\/www.ge-filmt.de\/wp-content\/uploads\/2011\/03\/IMG_8800-300x300.jpg 300w\" sizes=\"auto, (max-width: 90px) 100vw, 90px\" \/><\/a>8 Stunden Rohmaterial, 11 Premiere Projekte, 13 After Effects Projekte, insgesamt 140 GB Daten und viel Arbeit in der Freizeit. Das sind die Eckdaten, die unseren Urlaubsfilm &#8222;Go West 2010&#8220; beschreiben. Herausgekommen ist ein 38 Minuten Film, der Fernweh und tolle Erinnerungen gleicherma\u00dfen weckt. Es ist auch das erste Projekt, dass von ge-filmt in 1080p auf BluRay Disc erstellt wurde.<\/p>\n<p>&nbsp;<\/p>\n<p><a href=\"http:\/\/www.ge-filmt.de\/wp-content\/uploads\/2011\/03\/IMG_8801.jpg\" rel=\"prettyPhoto[gallery-FRLw]\"><img loading=\"lazy\" decoding=\"async\" class=\"alignleft size-thumbnail wp-image-735\" title=\"Go West 2010 BluRay \" src=\"http:\/\/www.ge-filmt.de\/wp-content\/uploads\/2011\/03\/IMG_8801-150x150.jpg\" alt=\"\" width=\"90\" height=\"90\" srcset=\"https:\/\/www.ge-filmt.de\/wp-content\/uploads\/2011\/03\/IMG_8801-150x150.jpg 150w, https:\/\/www.ge-filmt.de\/wp-content\/uploads\/2011\/03\/IMG_8801-300x300.jpg 300w\" sizes=\"auto, (max-width: 90px) 100vw, 90px\" \/><\/a>Die Disc verf\u00fcgt dabei \u00fcber zwei kurze Bonusclips, sowie einer Audiokommentarspur in 5.1 Sound. Bereits vor geraumer Zeit gab es <a href=\"http:\/\/www.ge-filmt.de\/?p=644\">hier<\/a> einige Screencaps aus dem Film zubestaunen, nun kann er auf Anfrage auch in Bewegung angesehen werden. Wir haben dabei versucht den Film auch f\u00fcr Unbeteiligte interessant zu machen. Wer gerne 38 Minuten seiner Zeit opfern m\u00f6chte, der meldet sich bei mir und erh\u00e4lt im Anschlu\u00df den Link und die ben\u00f6tigten Zugangsdaten.<\/p>\n<p>Bis dahin gibt es noch das BluRay Cover im leichten 70er Jahre Retro Look als kleinen Vorgeschmack.<a href=\"http:\/\/www.ge-filmt.de\/wp-content\/uploads\/2011\/03\/IMG_8805.jpg\" rel=\"prettyPhoto[gallery-FRLw]\"><img loading=\"lazy\" decoding=\"async\" class=\"alignright size-thumbnail wp-image-734\" title=\"Go West 2010 BluRay \" src=\"http:\/\/www.ge-filmt.de\/wp-content\/uploads\/2011\/03\/IMG_8805-150x150.jpg\" alt=\"\" width=\"90\" height=\"90\" srcset=\"https:\/\/www.ge-filmt.de\/wp-content\/uploads\/2011\/03\/IMG_8805-150x150.jpg 150w, https:\/\/www.ge-filmt.de\/wp-content\/uploads\/2011\/03\/IMG_8805-300x300.jpg 300w\" sizes=\"auto, (max-width: 90px) 100vw, 90px\" \/><\/a><\/p>\n","protected":false},"excerpt":{"rendered":"<p>8 Stunden Rohmaterial, 11 Premiere Projekte, 13 After Effects Projekte, insgesamt 140 GB Daten und viel Arbeit in der Freizeit. Das sind die Eckdaten, die unseren Urlaubsfilm &#8222;Go West 2010&#8220; beschreiben. Herausgekommen ist ein 38 Minuten Film, der Fernweh und tolle Erinnerungen gleicherma\u00dfen weckt. Es ist auch das erste Projekt,&#8230;<\/p>\n","protected":false},"author":1,"featured_media":736,"comment_status":"open","ping_status":"open","sticky":false,"template":"","format":"standard","meta":{"ngg_post_thumbnail":0,"jetpack_post_was_ever_published":false,"_jetpack_newsletter_access":"","_jetpack_dont_email_post_to_subs":false,"_jetpack_newsletter_tier_id":0,"_jetpack_memberships_contains_paywalled_content":false,"_jetpack_memberships_contains_paid_content":false,"footnotes":"","jetpack_publicize_message":"","jetpack_publicize_feature_enabled":true,"jetpack_social_post_already_shared":false,"jetpack_social_options":{"image_generator_settings":{"template":"highway","enabled":false},"version":2}},"categories":[5,4,6],"tags":[80,96,78,95,83,79,87,86,85],"class_list":{"0":"post-733","1":"post","2":"type-post","3":"status-publish","4":"format-standard","5":"has-post-thumbnail","7":"category-bewegtes-bild","8":"category-neuigkeiten","9":"category-standbild","10":"tag-550d","11":"tag-bluray","12":"tag-canon","13":"tag-film","14":"tag-hd","15":"tag-hdslr","16":"tag-national-park","17":"tag-reisen","18":"tag-usa"},"jetpack_publicize_connections":[],"jetpack_featured_media_url":"https:\/\/www.ge-filmt.de\/wp-content\/uploads\/2011\/03\/IMG_8800.jpg","jetpack_shortlink":"https:\/\/wp.me\/p1f4rQ-bP","jetpack_sharing_enabled":true,"_links":{"self":[{"href":"https:\/\/www.ge-filmt.de\/index.php?rest_route=\/wp\/v2\/posts\/733","targetHints":{"allow":["GET"]}}],"collection":[{"href":"https:\/\/www.ge-filmt.de\/index.php?rest_route=\/wp\/v2\/posts"}],"about":[{"href":"https:\/\/www.ge-filmt.de\/index.php?rest_route=\/wp\/v2\/types\/post"}],"author":[{"embeddable":true,"href":"https:\/\/www.ge-filmt.de\/index.php?rest_route=\/wp\/v2\/users\/1"}],"replies":[{"embeddable":true,"href":"https:\/\/www.ge-filmt.de\/index.php?rest_route=%2Fwp%2Fv2%2Fcomments&post=733"}],"version-history":[{"count":7,"href":"https:\/\/www.ge-filmt.de\/index.php?rest_route=\/wp\/v2\/posts\/733\/revisions"}],"predecessor-version":[{"id":1114,"href":"https:\/\/www.ge-filmt.de\/index.php?rest_route=\/wp\/v2\/posts\/733\/revisions\/1114"}],"wp:featuredmedia":[{"embeddable":true,"href":"https:\/\/www.ge-filmt.de\/index.php?rest_route=\/wp\/v2\/media\/736"}],"wp:attachment":[{"href":"https:\/\/www.ge-filmt.de\/index.php?rest_route=%2Fwp%2Fv2%2Fmedia&parent=733"}],"wp:term":[{"taxonomy":"category","embeddable":true,"href":"https:\/\/www.ge-filmt.de\/index.php?rest_route=%2Fwp%2Fv2%2Fcategories&post=733"},{"taxonomy":"post_tag","embeddable":true,"href":"https:\/\/www.ge-filmt.de\/index.php?rest_route=%2Fwp%2Fv2%2Ftags&post=733"}],"curies":[{"name":"wp","href":"https:\/\/api.w.org\/{rel}","templated":true}]}}