{"id":855,"date":"2011-05-12T16:35:00","date_gmt":"2011-05-12T16:35:00","guid":{"rendered":"http:\/\/www.ge-filmt.de\/?p=855"},"modified":"2011-05-12T16:35:00","modified_gmt":"2011-05-12T16:35:00","slug":"meinungsgemeinschaft-fuer-deutschland-ge-filmt-fuer-eopinio","status":"publish","type":"post","link":"https:\/\/www.ge-filmt.de\/?p=855","title":{"rendered":"Meinungsgemeinschaft fuer Deutschland &#8211; Ge-filmt fuer eOpinio"},"content":{"rendered":"<p>In den kommenden Wochen entsteht ein 30 Sekunden langer Werbeclip f\u00fcr die Meinungsgemeinschaft <a href=\"http:\/\/eopinio.de\/\" target=\"_blank\">eOpinio GmbH<\/a>. &#8222;eOpinio erforscht die Meinungen von B\u00fcrgerinnen und B\u00fcrgern und bringt sie als Entscheidungshilfe in den Prozess der Meinungsbildung von Gebietsk\u00f6rperschaften und Unternehmen ein.&#8220; Ge-filmt freut sich auf die spannende Aufgabe und \u00fcber das Vertrauen der Gesch\u00e4ftsf\u00fchrung.<\/p>\n<div id=\"attachment_856\" style=\"width: 160px\" class=\"wp-caption alignleft\"><a href=\"http:\/\/www.ge-filmt.de\/wp-content\/uploads\/2011\/05\/IMG_9556.jpg\" rel=\"prettyPhoto[gallery-9FHi]\"><img loading=\"lazy\" decoding=\"async\" aria-describedby=\"caption-attachment-856\" class=\"size-thumbnail wp-image-856\" title=\"eOpinio Logo in After Effects\" src=\"http:\/\/www.ge-filmt.de\/wp-content\/uploads\/2011\/05\/IMG_9556-150x150.jpg\" alt=\"\" width=\"150\" height=\"150\" srcset=\"https:\/\/www.ge-filmt.de\/wp-content\/uploads\/2011\/05\/IMG_9556-150x150.jpg 150w, https:\/\/www.ge-filmt.de\/wp-content\/uploads\/2011\/05\/IMG_9556-300x300.jpg 300w\" sizes=\"auto, (max-width: 150px) 100vw, 150px\" \/><\/a><p id=\"caption-attachment-856\" class=\"wp-caption-text\">eOpinio Logo in After Effects<\/p><\/div>\n","protected":false},"excerpt":{"rendered":"<p>In den kommenden Wochen entsteht ein 30 Sekunden langer Werbeclip f\u00fcr die Meinungsgemeinschaft eOpinio GmbH. &#8222;eOpinio erforscht die Meinungen von B\u00fcrgerinnen und B\u00fcrgern und bringt sie als Entscheidungshilfe in den Prozess der Meinungsbildung von Gebietsk\u00f6rperschaften und Unternehmen ein.&#8220; Ge-filmt freut sich auf die spannende Aufgabe und \u00fcber das Vertrauen der&#8230;<\/p>\n","protected":false},"author":1,"featured_media":856,"comment_status":"open","ping_status":"open","sticky":false,"template":"","format":"standard","meta":{"ngg_post_thumbnail":0,"jetpack_post_was_ever_published":false,"_jetpack_newsletter_access":"","_jetpack_dont_email_post_to_subs":false,"_jetpack_newsletter_tier_id":0,"_jetpack_memberships_contains_paywalled_content":false,"_jetpack_memberships_contains_paid_content":false,"footnotes":"","jetpack_publicize_message":"","jetpack_publicize_feature_enabled":true,"jetpack_social_post_already_shared":false,"jetpack_social_options":{"image_generator_settings":{"template":"highway","enabled":false},"version":2}},"categories":[5,4],"tags":[104,103,83,105,92],"class_list":{"0":"post-855","1":"post","2":"type-post","3":"status-publish","4":"format-standard","5":"has-post-thumbnail","7":"category-bewegtes-bild","8":"category-neuigkeiten","9":"tag-commercial","10":"tag-eopinio","11":"tag-hd","12":"tag-werbung","13":"tag-work-2"},"jetpack_publicize_connections":[],"jetpack_featured_media_url":"https:\/\/www.ge-filmt.de\/wp-content\/uploads\/2011\/05\/IMG_9556.jpg","jetpack_shortlink":"https:\/\/wp.me\/p1f4rQ-dN","jetpack_sharing_enabled":true,"_links":{"self":[{"href":"https:\/\/www.ge-filmt.de\/index.php?rest_route=\/wp\/v2\/posts\/855","targetHints":{"allow":["GET"]}}],"collection":[{"href":"https:\/\/www.ge-filmt.de\/index.php?rest_route=\/wp\/v2\/posts"}],"about":[{"href":"https:\/\/www.ge-filmt.de\/index.php?rest_route=\/wp\/v2\/types\/post"}],"author":[{"embeddable":true,"href":"https:\/\/www.ge-filmt.de\/index.php?rest_route=\/wp\/v2\/users\/1"}],"replies":[{"embeddable":true,"href":"https:\/\/www.ge-filmt.de\/index.php?rest_route=%2Fwp%2Fv2%2Fcomments&post=855"}],"version-history":[{"count":3,"href":"https:\/\/www.ge-filmt.de\/index.php?rest_route=\/wp\/v2\/posts\/855\/revisions"}],"predecessor-version":[{"id":859,"href":"https:\/\/www.ge-filmt.de\/index.php?rest_route=\/wp\/v2\/posts\/855\/revisions\/859"}],"wp:featuredmedia":[{"embeddable":true,"href":"https:\/\/www.ge-filmt.de\/index.php?rest_route=\/wp\/v2\/media\/856"}],"wp:attachment":[{"href":"https:\/\/www.ge-filmt.de\/index.php?rest_route=%2Fwp%2Fv2%2Fmedia&parent=855"}],"wp:term":[{"taxonomy":"category","embeddable":true,"href":"https:\/\/www.ge-filmt.de\/index.php?rest_route=%2Fwp%2Fv2%2Fcategories&post=855"},{"taxonomy":"post_tag","embeddable":true,"href":"https:\/\/www.ge-filmt.de\/index.php?rest_route=%2Fwp%2Fv2%2Ftags&post=855"}],"curies":[{"name":"wp","href":"https:\/\/api.w.org\/{rel}","templated":true}]}}