{"id":860,"date":"2011-06-14T15:04:40","date_gmt":"2011-06-14T15:04:40","guid":{"rendered":"http:\/\/www.ge-filmt.de\/?p=860"},"modified":"2011-06-14T15:36:24","modified_gmt":"2011-06-14T15:36:24","slug":"ge-filmt-de-fuer-die-leinwand","status":"publish","type":"post","link":"https:\/\/www.ge-filmt.de\/?p=860","title":{"rendered":"Ge-filmt.de fuer die Leinwand"},"content":{"rendered":"<p>Die letzten drei Wochen wurden von einem ganz besonderen Projekt gepr\u00e4gt. Ein Werbespot, konzipiert f\u00fcr die ganz gro\u00dfe Leinwand im Kino, sollte entstehen. Das Setting sah eine Fr\u00fchst\u00fcckssituation im Freien vor. Bei gef\u00fchlten 32 Grad im Schatten wurde die Dachterrasse des Hotel Sacher in Wien f\u00fcr einen Tag zum Hauptschauplatz des Spots.<\/p>\n<h3>Und Action&#8230;<\/h3>\n<p>Dank guter Koordination gen\u00fcgte ein Drehtag f\u00fcr f\u00fcnf Locations. Darunter unterschiedliche Gesch\u00e4fte in der Innenstadt, sowie die bereits erw\u00e4hnte Dach-Terrasse. Gefilmt wurde das Ganze mit der 550D inkl. Magic Lantern Firmware und drei Linsen: Tamron 17-50 2.8, Canon 70-200 2.8 IS USM L, Canon 50 1.8. Shoulder Rig und Follow Focus sorgten f\u00fcr den Sitz der Sch\u00e4rfe. Mit seiner unverwechselbaren Stimme wird Sky du Mont den Clip im Laufe dieser Woche noch verfeinern. Dann gibt es den fertigen Spot, neben der gro\u00dfen Leinwand, auch hier auf der Seite zu sehen.<\/p>\n<p>An dieser Stelle m\u00f6chte ich mich auch noch einmal bei allen Beteiligten f\u00fcr den ausgesprochen tollen und erfolgreichen Drehtag in Wien bedanken. Die Bildergallery zeigt einige Bilder vom Dreh, sowie erste Eindr\u00fccke vom Spot.<\/p>\n\n\t\t<style type=\"text\/css\">\n\t\t\t#gallery-1 {\n\t\t\t\tmargin: auto;\n\t\t\t}\n\t\t\t#gallery-1 .gallery-item {\n\t\t\t\tfloat: left;\n\t\t\t\tmargin-top: 10px;\n\t\t\t\ttext-align: center;\n\t\t\t\twidth: 33%;\n\t\t\t}\n\t\t\t#gallery-1 img {\n\t\t\t\tborder: 2px solid #cfcfcf;\n\t\t\t}\n\t\t\t#gallery-1 .gallery-caption {\n\t\t\t\tmargin-left: 0;\n\t\t\t}\n\t\t\t\/* see gallery_shortcode() in wp-includes\/media.php *\/\n\t\t<\/style>\n\t\t<div id='gallery-1' class='gallery galleryid-860 gallery-columns-3 gallery-size-thumbnail'><dl class='gallery-item'>\n\t\t\t<dt class='gallery-icon landscape'>\n\t\t\t\t<a href='https:\/\/www.ge-filmt.de\/wp-content\/uploads\/2011\/06\/Final_Render-00133.png'><img loading=\"lazy\" decoding=\"async\" width=\"150\" height=\"150\" src=\"https:\/\/www.ge-filmt.de\/wp-content\/uploads\/2011\/06\/Final_Render-00133-150x150.png\" class=\"attachment-thumbnail size-thumbnail\" alt=\"\" srcset=\"https:\/\/www.ge-filmt.de\/wp-content\/uploads\/2011\/06\/Final_Render-00133-150x150.png 150w, https:\/\/www.ge-filmt.de\/wp-content\/uploads\/2011\/06\/Final_Render-00133-300x300.png 300w\" sizes=\"auto, (max-width: 150px) 100vw, 150px\" \/><\/a>\n\t\t\t<\/dt><\/dl><dl class='gallery-item'>\n\t\t\t<dt class='gallery-icon landscape'>\n\t\t\t\t<a href='https:\/\/www.ge-filmt.de\/wp-content\/uploads\/2011\/06\/ColorCorrection_Part1-00090-e1308062846796.png'><img loading=\"lazy\" decoding=\"async\" width=\"150\" height=\"150\" src=\"https:\/\/www.ge-filmt.de\/wp-content\/uploads\/2011\/06\/ColorCorrection_Part1-00090-150x150.png\" class=\"attachment-thumbnail size-thumbnail\" alt=\"\" srcset=\"https:\/\/www.ge-filmt.de\/wp-content\/uploads\/2011\/06\/ColorCorrection_Part1-00090-150x150.png 150w, https:\/\/www.ge-filmt.de\/wp-content\/uploads\/2011\/06\/ColorCorrection_Part1-00090-e1308062846796-300x300.png 300w\" sizes=\"auto, (max-width: 150px) 100vw, 150px\" \/><\/a>\n\t\t\t<\/dt><\/dl><dl class='gallery-item'>\n\t\t\t<dt class='gallery-icon landscape'>\n\t\t\t\t<a href='https:\/\/www.ge-filmt.de\/wp-content\/uploads\/2011\/06\/ColorCorrection_Part1-00011-e1308062865433.png'><img loading=\"lazy\" decoding=\"async\" width=\"150\" height=\"150\" src=\"https:\/\/www.ge-filmt.de\/wp-content\/uploads\/2011\/06\/ColorCorrection_Part1-00011-150x150.png\" class=\"attachment-thumbnail size-thumbnail\" alt=\"\" srcset=\"https:\/\/www.ge-filmt.de\/wp-content\/uploads\/2011\/06\/ColorCorrection_Part1-00011-150x150.png 150w, https:\/\/www.ge-filmt.de\/wp-content\/uploads\/2011\/06\/ColorCorrection_Part1-00011-e1308062865433-300x300.png 300w\" sizes=\"auto, (max-width: 150px) 100vw, 150px\" \/><\/a>\n\t\t\t<\/dt><\/dl><br style=\"clear: both\" \/><dl class='gallery-item'>\n\t\t\t<dt class='gallery-icon landscape'>\n\t\t\t\t<a href='https:\/\/www.ge-filmt.de\/wp-content\/uploads\/2011\/06\/ColorCorrection_Flowers-00073-e1308062880351.png'><img loading=\"lazy\" decoding=\"async\" width=\"150\" height=\"150\" src=\"https:\/\/www.ge-filmt.de\/wp-content\/uploads\/2011\/06\/ColorCorrection_Flowers-00073-150x150.png\" class=\"attachment-thumbnail size-thumbnail\" alt=\"\" srcset=\"https:\/\/www.ge-filmt.de\/wp-content\/uploads\/2011\/06\/ColorCorrection_Flowers-00073-150x150.png 150w, https:\/\/www.ge-filmt.de\/wp-content\/uploads\/2011\/06\/ColorCorrection_Flowers-00073-e1308062880351-300x300.png 300w\" sizes=\"auto, (max-width: 150px) 100vw, 150px\" \/><\/a>\n\t\t\t<\/dt><\/dl><dl class='gallery-item'>\n\t\t\t<dt class='gallery-icon portrait'>\n\t\t\t\t<a href='https:\/\/www.ge-filmt.de\/wp-content\/uploads\/2011\/06\/Foto-15-e1308061521395-scaled.jpg'><img loading=\"lazy\" decoding=\"async\" width=\"150\" height=\"150\" src=\"https:\/\/www.ge-filmt.de\/wp-content\/uploads\/2011\/06\/Foto-15-e1308061521395-150x150.jpg\" class=\"attachment-thumbnail size-thumbnail\" alt=\"\" srcset=\"https:\/\/www.ge-filmt.de\/wp-content\/uploads\/2011\/06\/Foto-15-e1308061521395-150x150.jpg 150w, https:\/\/www.ge-filmt.de\/wp-content\/uploads\/2011\/06\/Foto-15-e1308061521395-300x300.jpg 300w\" sizes=\"auto, (max-width: 150px) 100vw, 150px\" \/><\/a>\n\t\t\t<\/dt><\/dl><dl class='gallery-item'>\n\t\t\t<dt class='gallery-icon landscape'>\n\t\t\t\t<a href='https:\/\/www.ge-filmt.de\/wp-content\/uploads\/2011\/06\/Foto-13-scaled.jpg'><img loading=\"lazy\" decoding=\"async\" width=\"150\" height=\"150\" src=\"https:\/\/www.ge-filmt.de\/wp-content\/uploads\/2011\/06\/Foto-13-150x150.jpg\" class=\"attachment-thumbnail size-thumbnail\" alt=\"\" srcset=\"https:\/\/www.ge-filmt.de\/wp-content\/uploads\/2011\/06\/Foto-13-150x150.jpg 150w, https:\/\/www.ge-filmt.de\/wp-content\/uploads\/2011\/06\/Foto-13-300x300.jpg 300w\" sizes=\"auto, (max-width: 150px) 100vw, 150px\" \/><\/a>\n\t\t\t<\/dt><\/dl><br style=\"clear: both\" \/><dl class='gallery-item'>\n\t\t\t<dt class='gallery-icon landscape'>\n\t\t\t\t<a href='https:\/\/www.ge-filmt.de\/wp-content\/uploads\/2011\/06\/Foto-11-scaled.jpg'><img loading=\"lazy\" decoding=\"async\" width=\"150\" height=\"150\" src=\"https:\/\/www.ge-filmt.de\/wp-content\/uploads\/2011\/06\/Foto-11-150x150.jpg\" class=\"attachment-thumbnail size-thumbnail\" alt=\"\" srcset=\"https:\/\/www.ge-filmt.de\/wp-content\/uploads\/2011\/06\/Foto-11-150x150.jpg 150w, https:\/\/www.ge-filmt.de\/wp-content\/uploads\/2011\/06\/Foto-11-300x300.jpg 300w\" sizes=\"auto, (max-width: 150px) 100vw, 150px\" \/><\/a>\n\t\t\t<\/dt><\/dl><dl class='gallery-item'>\n\t\t\t<dt class='gallery-icon landscape'>\n\t\t\t\t<a href='https:\/\/www.ge-filmt.de\/wp-content\/uploads\/2011\/06\/Foto-9-scaled.jpg'><img loading=\"lazy\" decoding=\"async\" width=\"150\" height=\"150\" src=\"https:\/\/www.ge-filmt.de\/wp-content\/uploads\/2011\/06\/Foto-9-150x150.jpg\" class=\"attachment-thumbnail size-thumbnail\" alt=\"\" srcset=\"https:\/\/www.ge-filmt.de\/wp-content\/uploads\/2011\/06\/Foto-9-150x150.jpg 150w, https:\/\/www.ge-filmt.de\/wp-content\/uploads\/2011\/06\/Foto-9-300x300.jpg 300w\" sizes=\"auto, (max-width: 150px) 100vw, 150px\" \/><\/a>\n\t\t\t<\/dt><\/dl><dl class='gallery-item'>\n\t\t\t<dt class='gallery-icon landscape'>\n\t\t\t\t<a href='https:\/\/www.ge-filmt.de\/wp-content\/uploads\/2011\/06\/Foto-71-scaled.jpg'><img loading=\"lazy\" decoding=\"async\" width=\"150\" height=\"150\" src=\"https:\/\/www.ge-filmt.de\/wp-content\/uploads\/2011\/06\/Foto-71-150x150.jpg\" class=\"attachment-thumbnail size-thumbnail\" alt=\"\" srcset=\"https:\/\/www.ge-filmt.de\/wp-content\/uploads\/2011\/06\/Foto-71-150x150.jpg 150w, https:\/\/www.ge-filmt.de\/wp-content\/uploads\/2011\/06\/Foto-71-300x300.jpg 300w\" sizes=\"auto, (max-width: 150px) 100vw, 150px\" \/><\/a>\n\t\t\t<\/dt><\/dl><br style=\"clear: both\" \/><dl class='gallery-item'>\n\t\t\t<dt class='gallery-icon landscape'>\n\t\t\t\t<a href='https:\/\/www.ge-filmt.de\/wp-content\/uploads\/2011\/06\/Foto-41-scaled.jpg'><img loading=\"lazy\" decoding=\"async\" width=\"150\" height=\"150\" src=\"https:\/\/www.ge-filmt.de\/wp-content\/uploads\/2011\/06\/Foto-41-150x150.jpg\" class=\"attachment-thumbnail size-thumbnail\" alt=\"\" srcset=\"https:\/\/www.ge-filmt.de\/wp-content\/uploads\/2011\/06\/Foto-41-150x150.jpg 150w, https:\/\/www.ge-filmt.de\/wp-content\/uploads\/2011\/06\/Foto-41-300x300.jpg 300w\" sizes=\"auto, (max-width: 150px) 100vw, 150px\" \/><\/a>\n\t\t\t<\/dt><\/dl>\n\t\t\t<br style='clear: both' \/>\n\t\t<\/div>\n\n","protected":false},"excerpt":{"rendered":"<p>Die letzten drei Wochen wurden von einem ganz besonderen Projekt gepr\u00e4gt. Ein Werbespot, konzipiert f\u00fcr die ganz gro\u00dfe Leinwand im Kino, sollte entstehen. Das Setting sah eine Fr\u00fchst\u00fcckssituation im Freien vor. Bei gef\u00fchlten 32 Grad im Schatten wurde die Dachterrasse des Hotel Sacher in Wien f\u00fcr einen Tag zum Hauptschauplatz&#8230;<\/p>\n","protected":false},"author":1,"featured_media":874,"comment_status":"open","ping_status":"open","sticky":false,"template":"","format":"standard","meta":{"ngg_post_thumbnail":0,"jetpack_post_was_ever_published":false,"_jetpack_newsletter_access":"","_jetpack_dont_email_post_to_subs":false,"_jetpack_newsletter_tier_id":0,"_jetpack_memberships_contains_paywalled_content":false,"_jetpack_memberships_contains_paid_content":false,"footnotes":"","jetpack_publicize_message":"","jetpack_publicize_feature_enabled":true,"jetpack_social_post_already_shared":false,"jetpack_social_options":{"image_generator_settings":{"template":"highway","enabled":false},"version":2}},"categories":[5,4,6],"tags":[80,78,95,79,81,101,92],"class_list":{"0":"post-860","1":"post","2":"type-post","3":"status-publish","4":"format-standard","5":"has-post-thumbnail","7":"category-bewegtes-bild","8":"category-neuigkeiten","9":"category-standbild","10":"tag-550d","11":"tag-canon","12":"tag-film","13":"tag-hdslr","14":"tag-magic-lantern","15":"tag-technicolor","16":"tag-work-2"},"jetpack_publicize_connections":[],"jetpack_featured_media_url":"https:\/\/www.ge-filmt.de\/wp-content\/uploads\/2011\/06\/ColorCorrection_Part1-00090-e1308062846796.png","jetpack_shortlink":"https:\/\/wp.me\/p1f4rQ-dS","jetpack_sharing_enabled":true,"_links":{"self":[{"href":"https:\/\/www.ge-filmt.de\/index.php?rest_route=\/wp\/v2\/posts\/860","targetHints":{"allow":["GET"]}}],"collection":[{"href":"https:\/\/www.ge-filmt.de\/index.php?rest_route=\/wp\/v2\/posts"}],"about":[{"href":"https:\/\/www.ge-filmt.de\/index.php?rest_route=\/wp\/v2\/types\/post"}],"author":[{"embeddable":true,"href":"https:\/\/www.ge-filmt.de\/index.php?rest_route=\/wp\/v2\/users\/1"}],"replies":[{"embeddable":true,"href":"https:\/\/www.ge-filmt.de\/index.php?rest_route=%2Fwp%2Fv2%2Fcomments&post=860"}],"version-history":[{"count":18,"href":"https:\/\/www.ge-filmt.de\/index.php?rest_route=\/wp\/v2\/posts\/860\/revisions"}],"predecessor-version":[{"id":893,"href":"https:\/\/www.ge-filmt.de\/index.php?rest_route=\/wp\/v2\/posts\/860\/revisions\/893"}],"wp:featuredmedia":[{"embeddable":true,"href":"https:\/\/www.ge-filmt.de\/index.php?rest_route=\/wp\/v2\/media\/874"}],"wp:attachment":[{"href":"https:\/\/www.ge-filmt.de\/index.php?rest_route=%2Fwp%2Fv2%2Fmedia&parent=860"}],"wp:term":[{"taxonomy":"category","embeddable":true,"href":"https:\/\/www.ge-filmt.de\/index.php?rest_route=%2Fwp%2Fv2%2Fcategories&post=860"},{"taxonomy":"post_tag","embeddable":true,"href":"https:\/\/www.ge-filmt.de\/index.php?rest_route=%2Fwp%2Fv2%2Ftags&post=860"}],"curies":[{"name":"wp","href":"https:\/\/api.w.org\/{rel}","templated":true}]}}