{"id":960,"date":"2011-08-22T15:10:11","date_gmt":"2011-08-22T15:10:11","guid":{"rendered":"http:\/\/www.ge-filmt.de\/?p=960"},"modified":"2011-08-22T15:43:45","modified_gmt":"2011-08-22T15:43:45","slug":"die-alte-muehle-eschborn-eine-romantische-videotour","status":"publish","type":"post","link":"https:\/\/www.ge-filmt.de\/?p=960","title":{"rendered":"Die &#8222;alte Muehle&#8220; Eschborn &#8211; Eine romantische Videotour"},"content":{"rendered":"<p>In Zusammenarbeit mit <a href=\"https:\/\/www.eopinio.de\/\" target=\"_blank\">eOpinio<\/a>\u00a0und der Stadt Eschborn entstand ein Clip, der den B\u00fcrgerinnen und B\u00fcrgern der Stadt einen bewegten Einblick hinter die Mauern der alten M\u00fchle liefert. Gedreht wurde der Clip an einem recht bedeckten Tag und so war ein wenig Arbeit in der Postproduktion von n\u00f6ten, damit die Bilder ihre volle Wirkung entfalten k\u00f6nnen.<\/p>\n<h3>Der Vorher &#8211; Nachher Effekt<\/h3>\n<p>Der folgende Clip macht die Arbeit deutlich. Neben einer Farbkorrektur wurden auch dezente Flares eingesetzt, um die Stimmung abzurunden. Nat\u00fcrlich nur dort wo es sinnvoll erschien und immer mit dem Auge f\u00fcr das Wesentliche: Die alte M\u00fchle und das umgebende Grundst\u00fcck.<\/p>\n<div class=\"hvlog\"><iframe loading=\"lazy\" src=\"http:\/\/www.ge-filmt.de\/wp-content\/uploads\/2011\/08\/muehle_preview_1.mp4\" width=\"320\" height=\"180\"><\/iframe><\/div>\n<div class=\"hvlog\">Gefilmt wurde mit unterschiedlichen Objektiven, sowie einem kleinen Slider, der die Fahrten erm\u00f6glichte.\u00a0Das fertige Ergebnis l\u00e4sst sich \u00fcber die <a href=\"https:\/\/www.eopinio.de\/beteiligung\/8\" target=\"_blank\">Seite der B\u00fcrgerbeteiligung<\/a> finden. Mein Dank gilt allen Beteiligten, die dieses sch\u00f6ne Projekt erm\u00f6glicht haben.<\/div>\n","protected":false},"excerpt":{"rendered":"<p>In Zusammenarbeit mit eOpinio\u00a0und der Stadt Eschborn entstand ein Clip, der den B\u00fcrgerinnen und B\u00fcrgern der Stadt einen bewegten Einblick hinter die Mauern der alten M\u00fchle liefert. Gedreht wurde der Clip an einem recht bedeckten Tag und so war ein wenig Arbeit in der Postproduktion von n\u00f6ten, damit die Bilder&#8230;<\/p>\n","protected":false},"author":1,"featured_media":965,"comment_status":"open","ping_status":"open","sticky":false,"template":"","format":"standard","meta":{"ngg_post_thumbnail":0,"jetpack_post_was_ever_published":false,"_jetpack_newsletter_access":"","_jetpack_dont_email_post_to_subs":false,"_jetpack_newsletter_tier_id":0,"_jetpack_memberships_contains_paywalled_content":false,"_jetpack_memberships_contains_paid_content":false,"footnotes":"","jetpack_publicize_message":"","jetpack_publicize_feature_enabled":true,"jetpack_social_post_already_shared":false,"jetpack_social_options":{"image_generator_settings":{"template":"highway","enabled":false},"version":2}},"categories":[5,4],"tags":[80,78,103,106,95,83,79,81,101],"class_list":{"0":"post-960","1":"post","2":"type-post","3":"status-publish","4":"format-standard","5":"has-post-thumbnail","7":"category-bewegtes-bild","8":"category-neuigkeiten","9":"tag-550d","10":"tag-canon","11":"tag-eopinio","12":"tag-eschborn","13":"tag-film","14":"tag-hd","15":"tag-hdslr","16":"tag-magic-lantern","17":"tag-technicolor"},"jetpack_publicize_connections":[],"jetpack_featured_media_url":"https:\/\/www.ge-filmt.de\/wp-content\/uploads\/2011\/08\/altemuehle.jpg","jetpack_shortlink":"https:\/\/wp.me\/p1f4rQ-fu","jetpack_sharing_enabled":true,"_links":{"self":[{"href":"https:\/\/www.ge-filmt.de\/index.php?rest_route=\/wp\/v2\/posts\/960","targetHints":{"allow":["GET"]}}],"collection":[{"href":"https:\/\/www.ge-filmt.de\/index.php?rest_route=\/wp\/v2\/posts"}],"about":[{"href":"https:\/\/www.ge-filmt.de\/index.php?rest_route=\/wp\/v2\/types\/post"}],"author":[{"embeddable":true,"href":"https:\/\/www.ge-filmt.de\/index.php?rest_route=\/wp\/v2\/users\/1"}],"replies":[{"embeddable":true,"href":"https:\/\/www.ge-filmt.de\/index.php?rest_route=%2Fwp%2Fv2%2Fcomments&post=960"}],"version-history":[{"count":13,"href":"https:\/\/www.ge-filmt.de\/index.php?rest_route=\/wp\/v2\/posts\/960\/revisions"}],"predecessor-version":[{"id":976,"href":"https:\/\/www.ge-filmt.de\/index.php?rest_route=\/wp\/v2\/posts\/960\/revisions\/976"}],"wp:featuredmedia":[{"embeddable":true,"href":"https:\/\/www.ge-filmt.de\/index.php?rest_route=\/wp\/v2\/media\/965"}],"wp:attachment":[{"href":"https:\/\/www.ge-filmt.de\/index.php?rest_route=%2Fwp%2Fv2%2Fmedia&parent=960"}],"wp:term":[{"taxonomy":"category","embeddable":true,"href":"https:\/\/www.ge-filmt.de\/index.php?rest_route=%2Fwp%2Fv2%2Fcategories&post=960"},{"taxonomy":"post_tag","embeddable":true,"href":"https:\/\/www.ge-filmt.de\/index.php?rest_route=%2Fwp%2Fv2%2Ftags&post=960"}],"curies":[{"name":"wp","href":"https:\/\/api.w.org\/{rel}","templated":true}]}}