{"id":977,"date":"2011-08-30T18:59:28","date_gmt":"2011-08-30T18:59:28","guid":{"rendered":"http:\/\/www.ge-filmt.de\/?p=977"},"modified":"2011-08-30T18:59:28","modified_gmt":"2011-08-30T18:59:28","slug":"arbeitsquerschnitt-in-40-sekunden-ein-showreel","status":"publish","type":"post","link":"https:\/\/www.ge-filmt.de\/?p=977","title":{"rendered":"Arbeitsquerschnitt in 40 Sekunden &#8211; Ein &#8222;Showreel&#8220;"},"content":{"rendered":"<p>In den vergangenen Tagen habe ich mich damit besch\u00e4ftigt einige der Arbeiten aus den letzten Wochen und Monaten zusammenzutragen, um daraus einen kurzen Clip zu schneiden. Oft auch einfach &#8222;Showreel&#8220; genannt. Mit diesem Clip m\u00f6chte der Freude beim Filmen und Motion Design Ausdruck verleihen. Das K\u00f6nnen zu demonstrieren steht f\u00fcr mich an zweiter Stelle.<\/p>\n<p><a href=\"http:\/\/www.ge-filmt.de\/wp-content\/uploads\/2011\/08\/intro_title.png\" rel=\"prettyPhoto[gallery-CQXm]\"><img loading=\"lazy\" decoding=\"async\" class=\"alignleft size-thumbnail wp-image-978\" title=\"intro_title\" src=\"http:\/\/www.ge-filmt.de\/wp-content\/uploads\/2011\/08\/intro_title-150x150.png\" alt=\"\" width=\"150\" height=\"150\" srcset=\"https:\/\/www.ge-filmt.de\/wp-content\/uploads\/2011\/08\/intro_title-150x150.png 150w, https:\/\/www.ge-filmt.de\/wp-content\/uploads\/2011\/08\/intro_title-300x300.png 300w\" sizes=\"auto, (max-width: 150px) 100vw, 150px\" \/><\/a>Der Anfang entstand als 3D Rendering und wurde anschlie\u00dfend in After Effects zusammengebaut. Der Soundteppich ist aus unterschiedlichen Stra\u00dfent\u00f6nen gewebt und unter das Intro gesetzt worden. Die Bilder im anschlie\u00dfenden Schnitt sind sowohl aus Kunden- als auch aus privaten Projekten entsprungen. Viele davon finden sich auch hier im Portfolio wieder.<\/p>\n<p><a href=\"http:\/\/www.ge-filmt.de\/wp-content\/uploads\/2011\/08\/graphics.png\" rel=\"prettyPhoto[gallery-CQXm]\"><img loading=\"lazy\" decoding=\"async\" class=\"size-thumbnail wp-image-979 alignright\" title=\"Screenshot aus dem Intro\" src=\"http:\/\/www.ge-filmt.de\/wp-content\/uploads\/2011\/08\/graphics-150x150.png\" alt=\"\" width=\"90\" height=\"90\" srcset=\"https:\/\/www.ge-filmt.de\/wp-content\/uploads\/2011\/08\/graphics-150x150.png 150w, https:\/\/www.ge-filmt.de\/wp-content\/uploads\/2011\/08\/graphics-300x300.png 300w\" sizes=\"auto, (max-width: 90px) 100vw, 90px\" \/><\/a><\/p>\n<p>An dieser Stelle geht mein Dank an all die Kunden, die es mir erm\u00f6glicht haben und immer wieder erm\u00f6glichen mit der Kamera tolle Bilder einzufangen.<\/p>\n<h3><\/h3>\n<h3><\/h3>\n<h3><\/h3>\n<p>&nbsp;<\/p>\n","protected":false},"excerpt":{"rendered":"<p>In den vergangenen Tagen habe ich mich damit besch\u00e4ftigt einige der Arbeiten aus den letzten Wochen und Monaten zusammenzutragen, um daraus einen kurzen Clip zu schneiden. Oft auch einfach &#8222;Showreel&#8220; genannt. Mit diesem Clip m\u00f6chte der Freude beim Filmen und Motion Design Ausdruck verleihen. Das K\u00f6nnen zu demonstrieren steht f\u00fcr&#8230;<\/p>\n","protected":false},"author":1,"featured_media":978,"comment_status":"open","ping_status":"open","sticky":false,"template":"","format":"standard","meta":{"ngg_post_thumbnail":0,"jetpack_post_was_ever_published":false,"_jetpack_newsletter_access":"","_jetpack_dont_email_post_to_subs":false,"_jetpack_newsletter_tier_id":0,"_jetpack_memberships_contains_paywalled_content":false,"_jetpack_memberships_contains_paid_content":false,"footnotes":"","jetpack_publicize_message":"","jetpack_publicize_feature_enabled":true,"jetpack_social_post_already_shared":false,"jetpack_social_options":{"image_generator_settings":{"template":"highway","enabled":false},"version":2}},"categories":[5,4],"tags":[108,80,78,95,83,81,246,90,92],"class_list":{"0":"post-977","1":"post","2":"type-post","3":"status-publish","4":"format-standard","5":"has-post-thumbnail","7":"category-bewegtes-bild","8":"category-neuigkeiten","9":"tag-3d","10":"tag-550d","11":"tag-canon","12":"tag-film","13":"tag-hd","14":"tag-magic-lantern","15":"tag-showreel","16":"tag-thank-you","17":"tag-work-2"},"jetpack_publicize_connections":[],"jetpack_featured_media_url":"https:\/\/www.ge-filmt.de\/wp-content\/uploads\/2011\/08\/intro_title.png","jetpack_shortlink":"https:\/\/wp.me\/p1f4rQ-fL","jetpack_sharing_enabled":true,"_links":{"self":[{"href":"https:\/\/www.ge-filmt.de\/index.php?rest_route=\/wp\/v2\/posts\/977","targetHints":{"allow":["GET"]}}],"collection":[{"href":"https:\/\/www.ge-filmt.de\/index.php?rest_route=\/wp\/v2\/posts"}],"about":[{"href":"https:\/\/www.ge-filmt.de\/index.php?rest_route=\/wp\/v2\/types\/post"}],"author":[{"embeddable":true,"href":"https:\/\/www.ge-filmt.de\/index.php?rest_route=\/wp\/v2\/users\/1"}],"replies":[{"embeddable":true,"href":"https:\/\/www.ge-filmt.de\/index.php?rest_route=%2Fwp%2Fv2%2Fcomments&post=977"}],"version-history":[{"count":30,"href":"https:\/\/www.ge-filmt.de\/index.php?rest_route=\/wp\/v2\/posts\/977\/revisions"}],"predecessor-version":[{"id":1010,"href":"https:\/\/www.ge-filmt.de\/index.php?rest_route=\/wp\/v2\/posts\/977\/revisions\/1010"}],"wp:featuredmedia":[{"embeddable":true,"href":"https:\/\/www.ge-filmt.de\/index.php?rest_route=\/wp\/v2\/media\/978"}],"wp:attachment":[{"href":"https:\/\/www.ge-filmt.de\/index.php?rest_route=%2Fwp%2Fv2%2Fmedia&parent=977"}],"wp:term":[{"taxonomy":"category","embeddable":true,"href":"https:\/\/www.ge-filmt.de\/index.php?rest_route=%2Fwp%2Fv2%2Fcategories&post=977"},{"taxonomy":"post_tag","embeddable":true,"href":"https:\/\/www.ge-filmt.de\/index.php?rest_route=%2Fwp%2Fv2%2Ftags&post=977"}],"curies":[{"name":"wp","href":"https:\/\/api.w.org\/{rel}","templated":true}]}}